{"id":86606,"date":"2026-01-05T11:16:45","date_gmt":"2026-01-05T10:16:45","guid":{"rendered":"https:\/\/linandelle.com\/fr\/?p=86606"},"modified":"2026-01-05T11:17:41","modified_gmt":"2026-01-05T10:17:41","slug":"comment-choisir-couette-hiver","status":"publish","type":"post","link":"https:\/\/linandelle.com\/fr\/comment-choisir-couette-hiver\/","title":{"rendered":"Comment bien choisir sa couette pour l&rsquo;hiver ?"},"content":{"rendered":"<p>[et_pb_section fb_built=\u00a0\u00bb1&Prime; _builder_version=\u00a0\u00bb4.27.5&Prime; _module_preset=\u00a0\u00bbdefault\u00a0\u00bb global_colors_info=\u00a0\u00bb{}\u00a0\u00bb][et_pb_row _builder_version=\u00a0\u00bb4.27.5&Prime; _module_preset=\u00a0\u00bbdefault\u00a0\u00bb global_colors_info=\u00a0\u00bb{}\u00a0\u00bb][et_pb_column type=\u00a0\u00bb4_4&Prime; _builder_version=\u00a0\u00bb4.27.5&Prime; _module_preset=\u00a0\u00bbdefault\u00a0\u00bb global_colors_info=\u00a0\u00bb{}\u00a0\u00bb][et_pb_text _builder_version=\u00a0\u00bb4.27.5&Prime; _module_preset=\u00a0\u00bbdefault\u00a0\u00bb global_colors_info=\u00a0\u00bb{}\u00a0\u00bb]<\/p>\n<p><span style=\"font-weight: 400\">Quand les temp\u00e9ratures chutent, on a tous la m\u00eame envie : dormir bien au chaud. Mais choisir une bonne<\/span><b> couette d\u2019hiver <\/b><span style=\"font-weight: 400\">n\u2019est pas forc\u00e9ment \u00e9vident. Grammage, garnissage, mati\u00e8re de l\u2019enveloppe\u2026 plusieurs \u00e9l\u00e9ments peuvent influencer le confort et la chaleur.<\/span><\/p>\n<p><span style=\"font-weight: 400\">Et \u00e7a tombe bien puisque chez Linandelle, nous connaissons bien ces questions, et nous vous aidons \u00e0 comprendre ce qui fait vraiment la diff\u00e9rence pour trouver la <\/span><b>couette <\/b><span style=\"font-weight: 400\">qui vous conviendra le mieux !<\/span><\/p>\n<h2><b><\/b><\/h2>\n<h2><b>La dimension de votre couette<\/b><\/h2>\n<p><span style=\"font-weight: 400\"><\/span><\/p>\n<p><span style=\"font-weight: 400\">Une <\/span><b>couette trop petite <\/b><span style=\"font-weight: 400\">ne couvrira pas correctement le lit et ne permettra pas au reste de ses qualit\u00e9s (chaleur, confort, gonflant) de s\u2019exprimer pleinement. \u00c0 l\u2019inverse, une <\/span><b>couette trop grande <\/b><span style=\"font-weight: 400\">peut \u00eatre encombrante et difficile \u00e0 manipuler. Il est donc important de tenir compte \u00e0 la fois de la taille de votre lit et de l\u2019usage que vous souhaitez en faire.<\/span><\/p>\n<p><span style=\"font-weight: 400\"><\/span><\/p>\n<ul>\n<li style=\"font-weight: 400\"><b>Couette 140\u00d7200 cm<\/b><span style=\"font-weight: 400\"> : id\u00e9ale pour un lit simple ou une personne seule, elle offre un d\u00e9bord suffisant pour bien se couvrir sans surcharger le lit.<\/span><\/li>\n<li style=\"font-weight: 400\"><b>Couette\u00a0 200\u00d7200 cm<\/b><span style=\"font-weight: 400\"> : adapt\u00e9e \u00e0 un lit double standard (140 &#8211; 160 cm de largeur), elle couvre confortablement deux personnes avec un retomb\u00e9 correct de chaque c\u00f4t\u00e9.<\/span><\/li>\n<li style=\"font-weight: 400\"><b>Couette\u00a0 240\u00d7220 cm<\/b><span style=\"font-weight: 400\"> : parfaite pour un lit double plus large (160 cm) ou pour ceux qui aiment avoir plus de retomb\u00e9 et de confort sur les c\u00f4t\u00e9s.<\/span><\/li>\n<li style=\"font-weight: 400\"><b>Couette\u00a0 260&#215;240 cm<\/b><span style=\"font-weight: 400\"> : recommand\u00e9e pour un grand lit (180 cm), elle assure un retomb\u00e9 g\u00e9n\u00e9reux et une couverture optimale pour deux personnes.<\/span><\/li>\n<li style=\"font-weight: 400\"><b>Couette\u00a0 280\u00d7240 cm<\/b><span style=\"font-weight: 400\"> : con\u00e7ue pour les tr\u00e8s grands lits (200 cm ou plus), elle garantit un d\u00e9bord maximal et un confort total, tout en donnant un aspect \u00e9l\u00e9gant au lit.<\/span><\/li>\n<\/ul>\n<p><span style=\"text-decoration: underline\"><b><i><\/i><\/b><\/span><\/p>\n<p><span style=\"text-decoration: underline\"><b><i>Les astuces Linandelle pour un confort optimal<\/i><\/b><\/span><span style=\"font-weight: 400\"> : pour un d\u00e9bord id\u00e9al, votre couette doit d\u00e9passer le matelas d\u2019au moins 20 \u00e0 30 cm de chaque c\u00f4t\u00e9 pour bien couvrir le corps et \u00e9viter les courants d\u2019air.<\/span><\/p>\n<p>[\/et_pb_text][et_pb_button button_url=\u00a0\u00bbhttps:\/\/linandelle.com\/fr\/categorie\/linge-de-lit\/couettes-toutes-saisons\/\u00a0\u00bb button_text=\u00a0\u00bbD\u00e9couvrir la s\u00e9lection de couettes Linandelle\u00a0\u00bb button_alignment=\u00a0\u00bbcenter\u00a0\u00bb _builder_version=\u00a0\u00bb4.27.5&Prime; _module_preset=\u00a0\u00bbdefault\u00a0\u00bb hover_enabled=\u00a0\u00bb0&Prime; global_colors_info=\u00a0\u00bb{}\u00a0\u00bb sticky_enabled=\u00a0\u00bb0&Prime;][\/et_pb_button][et_pb_text _builder_version=\u00a0\u00bb4.27.5&Prime; _module_preset=\u00a0\u00bbdefault\u00a0\u00bb global_colors_info=\u00a0\u00bb{}\u00a0\u00bb]<\/p>\n<h2><b>Le grammage : l\u2019indicateur cl\u00e9 pour une couette d\u2019hiver<\/b><\/h2>\n<p><span style=\"font-weight: 400\"><\/span><\/p>\n<p><span style=\"font-weight: 400\">Le grammage correspond au poids du garnissage rapport\u00e9 \u00e0 la surface (souvent exprim\u00e9 en grammes au total pour la couette ou en g\/m\u00b2). Il est le marqueur principal de la<\/span><b> capacit\u00e9 isolante d\u2019une couette<\/b><span style=\"font-weight: 400\">.<\/span><\/p>\n<p><span style=\"font-weight: 400\"><\/span><\/p>\n<ul>\n<li style=\"font-weight: 400\"><b>Couette temp\u00e9r\u00e9e, <\/b><span style=\"font-weight: 400\">entre 300 &#8211; 400 g : polyvalente pour la mi-saison et pour ceux qui recherchent confort sans surchauffe. D\u00e9couvrez la <\/span><a href=\"https:\/\/linandelle.com\/fr\/produit\/couette-temperee-375gr-100-naturelle-en-coton-percale\/\"><span style=\"font-weight: 400\">Couette temp\u00e9r\u00e9e naturelle en coton NATURA<\/span><\/a><span style=\"font-weight: 400\">.<\/span><\/li>\n<li style=\"font-weight: 400\"><b>Couette chaude<\/b><span style=\"font-weight: 400\">, entre 450 &#8211; 600 g : isolation renforc\u00e9e pour nuits froides et chambres peu chauff\u00e9es. D\u00e9couvrez la <\/span><a href=\"https:\/\/linandelle.com\/fr\/produit\/couette-synthetique-hiver-550gr-olympe\/\"><span style=\"font-weight: 400\">Couette chaude hiver 550gr OLYMPE<\/span><\/a><span style=\"font-weight: 400\">.<\/span><\/li>\n<\/ul>\n<p><b><i><\/i><\/b><\/p>\n<p><b><i>Les conseils Linandelle<\/i><\/b><span style=\"font-weight: 400\"> : pour une chambre chauff\u00e9e autour de 18\u201320\u00b0C, une couette 450\u2013550 g suffit. Si la chambre est \u00e0 15\u201317\u00b0C ou si vous \u00eates frileux(se), pr\u00e9f\u00e9rez 550\u2013600 g.<\/span><\/p>\n<h2><b><\/b><\/h2>\n<h2><b>Le garnissage : synth\u00e9tique ou naturel<\/b><\/h2>\n<h3><b><\/b><\/h3>\n<h3><b>1. Garnissage synth\u00e9tique<\/b><\/h3>\n<p><span style=\"font-weight: 400\">Le garnissage synth\u00e9tique est majoritairement compos\u00e9 de <\/span><b>fibres polyester <\/b><span style=\"font-weight: 400\">ou <\/span><b>microfibre<\/b><span style=\"font-weight: 400\">. C\u2019est la solution la plus pratique et facile d\u2019entretien pour les <\/span><b>couettes du quotidien<\/b><span style=\"font-weight: 400\">.<\/span><\/p>\n<p><span style=\"font-weight: 400\"><\/span><\/p>\n<ul>\n<li style=\"font-weight: 400\"><b>Avantages <\/b><span style=\"font-weight: 400\">: hypoallerg\u00e9nique, s\u00e8che rapidement, lavable en machine et stable face \u00e0 l\u2019humidit\u00e9.<\/span><\/li>\n<li style=\"font-weight: 400\"><b>Performances r\u00e9elles <\/b><span style=\"font-weight: 400\">: bonne isolation quand le garnissage est dense et maintien du gonflant variable selon la qualit\u00e9 des fibres.<\/span><\/li>\n<li style=\"font-weight: 400\"><b>Limites <\/b><span style=\"font-weight: 400\">: sensation parfois moins \u201crespirante\u201d que le naturel.<\/span><\/li>\n<\/ul>\n<h3><b><\/b><\/h3>\n<h3><b>2. Garnissage naturel<\/b><\/h3>\n<p><span style=\"font-weight: 400\">Le garnissage naturel, en coton, ou dans d\u2019autres cas en duvet ou plumes offre un <\/span><b>confort plus respirant <\/b><span style=\"font-weight: 400\">et une gestion optimale de l\u2019<\/span><b>humidit\u00e9<\/b><span style=\"font-weight: 400\">.<\/span><\/p>\n<p><span style=\"font-weight: 400\"><\/span><\/p>\n<ul>\n<li style=\"font-weight: 400\"><b>Avantages <\/b><span style=\"font-weight: 400\">: excellente r\u00e9gulation de l\u2019humidit\u00e9, sensation plus \u201cnoble\u201d, tr\u00e8s respirant, ce qui est id\u00e9al si vous transpirez la nuit.<\/span><\/li>\n<li style=\"font-weight: 400\"><b>Limites <\/b><span style=\"font-weight: 400\">: entretien parfois plus contraignant (certaines couettes naturelles n\u00e9cessitent un nettoyage professionnel).<\/span><\/li>\n<\/ul>\n<h2><b><\/b><\/h2>\n<h2><b>L\u2019enveloppe et le piquage<\/b><b><\/b><\/h2>\n<h3><b><\/b><\/h3>\n<h3><b>1. Enveloppe<\/b><\/h3>\n<p><span style=\"font-weight: 400\">L\u2019enveloppe, c\u2019est ce que l\u2019on touche en premier et ce qui influence la <\/span><b>chaleur <\/b><span style=\"font-weight: 400\">et la <\/span><b>respirabilit\u00e9<\/b><span style=\"font-weight: 400\">. Elle est fabriqu\u00e9e \u00e0 partir de diff\u00e9rents tissus, on peut retrouver plus g\u00e9n\u00e9ralement le <\/span><b>satin<\/b><span style=\"font-weight: 400\">, une mati\u00e8re<\/span> <span style=\"font-weight: 400\">douce et agr\u00e9able au contact mais \u00e9galement le <\/span><b>coton<\/b><span style=\"font-weight: 400\">, qui laisse mieux passer l\u2019air et \u00e9vite la transpiration.<\/span><\/p>\n<h3><b><\/b><\/h3>\n<h3><b>2. Piquage<\/b><\/h3>\n<p><span style=\"font-weight: 400\">Le piquage quant \u00e0 lui, sert \u00e0 maintenir le garnissage en place pour que la couette reste <\/span><b>chaude <\/b><span style=\"font-weight: 400\">et <\/span><b>bien gonfl\u00e9e<\/b><span style=\"font-weight: 400\">.\u00a0<\/span><\/p>\n<p><span style=\"font-weight: 400\">Le <\/span><b>piquage en carreaux <\/b><span style=\"font-weight: 400\">est pratique pour r\u00e9partir le remplissage de fa\u00e7on uniforme, surtout sur les <\/span><b>couettes \u00e9paisses<\/b><span style=\"font-weight: 400\">. Il existe \u00e9galement le<\/span><b> piquage en losange<\/b><span style=\"font-weight: 400\">, qui est joli mais peut moins bien tenir le garnissage.\u00a0<\/span><\/p>\n<p><span style=\"font-weight: 400\">Des coutures solides et des bords renforc\u00e9s aident aussi la couette \u00e0 durer plus longtemps.<\/span><\/p>\n<h2><b><\/b><\/h2>\n<h2><b>Choisir votre couette selon vos habitudes et votre environnement<\/b><\/h2>\n<h3><b><\/b><\/h3>\n<h3><b>1. Pour les personnes frileuses\u00a0<\/b><\/h3>\n<p><span style=\"font-weight: 400\">Si vous avez facilement froid la nuit, privil\u00e9giez une <\/span><b>couette avec un grammage \u00e9lev\u00e9<\/b><span style=\"font-weight: 400\">, suffisamment \u00e9paisse pour offrir une chaleur enveloppante. M\u00eame dans une chambre peu chauff\u00e9e, elle vous aidera \u00e0 maintenir une temp\u00e9rature corporelle stable et un sommeil confortable.<\/span><\/p>\n<h3><b><\/b><\/h3>\n<h3><b>2. Pour les personnes qui transpirent durant la nuit<\/b><\/h3>\n<p><span style=\"font-weight: 400\">Pour ceux et celles qui ont tendance \u00e0 avoir chaud et transpirer durant le sommeil, choisissez une <\/span><b>couette respirante <\/b><span style=\"font-weight: 400\">et r\u00e9gulatrice d\u2019humidit\u00e9, avec un <\/span><b>garnissage naturel <\/b><span style=\"font-weight: 400\">ou <\/span><b>synth\u00e9tique <\/b><span style=\"font-weight: 400\">performant. Cela permet de rester au chaud sans provoquer de sensation d\u2019\u00e9touffement.<\/span><\/p>\n<h3><b><\/b><\/h3>\n<h3><b>3. Pour les personnes qui ont besoin de respirer sans sensation d\u2019oppression<\/b><\/h3>\n<p><span style=\"font-weight: 400\">Si vous souhaitez dormir bien au chaud mais sans \u00eatre \u00e9touff\u00e9, privil\u00e9giez une <\/span><b>couette l\u00e9g\u00e8re <\/b><span style=\"font-weight: 400\">\u00e0 moyenne \u00e9paisseur avec un garnissage bien r\u00e9parti et une <\/span><b>enveloppe respirante<\/b><span style=\"font-weight: 400\">. Les fibres naturelles ou certaines fibres synth\u00e9tiques de qualit\u00e9 permettent de conserver le gonflant tout en laissant circuler l\u2019air<\/span><\/p>\n<h3><b><\/b><\/h3>\n<h3><b>4. Pour les pi\u00e8ces chauff\u00e9es (ou pas)\u00a0<\/b><\/h3>\n<p><span style=\"font-weight: 400\">La temp\u00e9rature de votre chambre influence fortement le choix de la couette. Dans une chambre peu chauff\u00e9e, optez pour une <\/span><b>couette plus chaude <\/b><span style=\"font-weight: 400\">et plus <\/span><b>\u00e9paisse<\/b><span style=\"font-weight: 400\">.\u00a0<\/span><\/p>\n<p><span style=\"font-weight: 400\">Dans une chambre chauff\u00e9e, une <\/span><b>couette temp\u00e9r\u00e9e <\/b><span style=\"font-weight: 400\">ou <\/span><b>l\u00e9g\u00e8re <\/b><span style=\"font-weight: 400\">suffit \u00e0 apporter confort et chaleur, sans risque de surchauffe.<\/span><\/p>\n<h2><b><\/b><\/h2>\n<h2><b>La dur\u00e9e de vie d\u2019une couette : combien de temps peut-elle vous accompagner ?<\/b><\/h2>\n<p><span style=\"font-weight: 400\"><\/span><\/p>\n<p><span style=\"font-weight: 400\">Malheureusement, une couette ne dure pas \u00e9ternellement. Avec le temps et l\u2019usage, elle perd de son gonflant et de sa chaleur. Plusieurs facteurs influencent sa long\u00e9vit\u00e9 : le garnissage, mais aussi l\u2019enveloppe, le piquage, le grammage, et surtout l\u2019entretien !<\/span><\/p>\n<p><span style=\"font-weight: 400\">Une couette synth\u00e9tique dure g\u00e9n\u00e9ralement environ <\/span><b>5 ans<\/b><span style=\"font-weight: 400\"> et une couette naturelle peut durer jusqu\u2019\u00e0 <\/span><b>10 ans <\/b><span style=\"font-weight: 400\">si elle est bien entretenue.<\/span><\/p>\n<p><span style=\"font-weight: 400\">Mais quand savoir quand remplacer votre couette ? Il existe <\/span><b>plusieurs indicateurs <\/b><span style=\"font-weight: 400\">:\u00a0<\/span><\/p>\n<p><span style=\"font-weight: 400\"><\/span><\/p>\n<ul>\n<li style=\"font-weight: 400\"><span style=\"font-weight: 400\">Si elle ne tient plus la chaleur ou a perdu son gonflant.<\/span><\/li>\n<li style=\"font-weight: 400\"><span style=\"font-weight: 400\">Si elle est tass\u00e9e ou d\u00e9form\u00e9e malgr\u00e9 un entretien r\u00e9gulier.<\/span><\/li>\n<li style=\"font-weight: 400\"><span style=\"font-weight: 400\">Si l\u2019enveloppe est ab\u00eem\u00e9e ou d\u00e9chir\u00e9e.<\/span><\/li>\n<li style=\"font-weight: 400\"><span style=\"font-weight: 400\">Si le piquage ou la r\u00e9partition du garnissage est irr\u00e9gulier, cr\u00e9ant des zones froides.<\/span><\/li>\n<\/ul>\n<h2><b><\/b><\/h2>\n<h2><b>La s\u00e9lection de couettes hiver et \u00e9t\u00e9 Linandelle<\/b><\/h2>\n<p><b><\/b><\/p>\n<p>[\/et_pb_text][\/et_pb_column][\/et_pb_row][et_pb_row column_structure=\u00a0\u00bb1_5,1_5,1_5,1_5,1_5&Prime; _builder_version=\u00a0\u00bb4.27.5&Prime; _module_preset=\u00a0\u00bbdefault\u00a0\u00bb global_colors_info=\u00a0\u00bb{}\u00a0\u00bb][et_pb_column type=\u00a0\u00bb1_5&Prime; _builder_version=\u00a0\u00bb4.27.5&Prime; _module_preset=\u00a0\u00bbdefault\u00a0\u00bb global_colors_info=\u00a0\u00bb{}\u00a0\u00bb][et_pb_image src=\u00a0\u00bbhttps:\/\/linandelle.com\/wp-content\/uploads\/2021\/06\/olympe-2024-ambiance-def.jpg\u00a0\u00bb alt=\u00a0\u00bbcouette olympe 2024 ambiance def\u00a0\u00bb title_text=\u00a0\u00bbcouette olympe 2024 ambiance def\u00a0\u00bb url=\u00a0\u00bbhttps:\/\/linandelle.com\/fr\/produit\/couette-synthetique-hiver-550gr-olympe\/\u00a0\u00bb align=\u00a0\u00bbcenter\u00a0\u00bb _builder_version=\u00a0\u00bb4.27.5&Prime; _module_preset=\u00a0\u00bbdefault\u00a0\u00bb global_colors_info=\u00a0\u00bb{}\u00a0\u00bb][\/et_pb_image][et_pb_text _builder_version=\u00a0\u00bb4.27.5&Prime; _module_preset=\u00a0\u00bbdefault\u00a0\u00bb global_colors_info=\u00a0\u00bb{}\u00a0\u00bb]<\/p>\n<h4 style=\"text-align: center\"><a href=\"https:\/\/linandelle.com\/fr\/produit\/couette-synthetique-hiver-550gr-olympe\/\"><strong>Couette chaude hiver 550gr OLYMPE<\/strong><\/a><\/h4>\n<h5 style=\"text-align: center\">\u00c0 partir de 49,20\u20ac<\/h5>\n<p>[\/et_pb_text][\/et_pb_column][et_pb_column type=\u00a0\u00bb1_5&Prime; _builder_version=\u00a0\u00bb4.27.5&Prime; _module_preset=\u00a0\u00bbdefault\u00a0\u00bb global_colors_info=\u00a0\u00bb{}\u00a0\u00bb][et_pb_image src=\u00a0\u00bbhttps:\/\/linandelle.com\/wp-content\/uploads\/2021\/11\/couette-satin-1-v2.jpg\u00a0\u00bb alt=\u00a0\u00bbcouette satin 1 v2&Prime; title_text=\u00a0\u00bbcouette satin 1 v2&Prime; url=\u00a0\u00bbhttps:\/\/linandelle.com\/fr\/produit\/couette-chaude-hiver-600gr-satin-de-coton\/\u00a0\u00bb align=\u00a0\u00bbcenter\u00a0\u00bb _builder_version=\u00a0\u00bb4.27.5&Prime; _module_preset=\u00a0\u00bbdefault\u00a0\u00bb global_colors_info=\u00a0\u00bb{}\u00a0\u00bb][\/et_pb_image][et_pb_text _builder_version=\u00a0\u00bb4.27.5&Prime; _module_preset=\u00a0\u00bbdefault\u00a0\u00bb global_colors_info=\u00a0\u00bb{}\u00a0\u00bb]<\/p>\n<h4 style=\"text-align: center\"><a href=\"https:\/\/linandelle.com\/fr\/produit\/couette-chaude-hiver-600gr-satin-de-coton\/\"><strong>Couette hiver chaude 600gr enveloppe SATIN<\/strong><\/a><\/h4>\n<h5 style=\"text-align: center\">\u00c0 partir de 76,00\u20ac<\/h5>\n<p>[\/et_pb_text][\/et_pb_column][et_pb_column type=\u00a0\u00bb1_5&Prime; _builder_version=\u00a0\u00bb4.27.5&Prime; _module_preset=\u00a0\u00bbdefault\u00a0\u00bb global_colors_info=\u00a0\u00bb{}\u00a0\u00bb][et_pb_image src=\u00a0\u00bbhttps:\/\/linandelle.com\/wp-content\/uploads\/2023\/06\/ambiance-color.jpg\u00a0\u00bb alt=\u00a0\u00bbcouette r\u00e9versible 400 gr polyester\u00a0\u00bb title_text=\u00a0\u00bbcouette r\u00e9versible 400 gr polyester\u00a0\u00bb url=\u00a0\u00bbhttps:\/\/linandelle.com\/fr\/produit\/couette-400gr-chaude-polyester-reversible-bicolore-colors\/\u00a0\u00bb align=\u00a0\u00bbcenter\u00a0\u00bb _builder_version=\u00a0\u00bb4.27.5&Prime; _module_preset=\u00a0\u00bbdefault\u00a0\u00bb global_colors_info=\u00a0\u00bb{}\u00a0\u00bb][\/et_pb_image][et_pb_text _builder_version=\u00a0\u00bb4.27.5&Prime; _module_preset=\u00a0\u00bbdefault\u00a0\u00bb global_colors_info=\u00a0\u00bb{}\u00a0\u00bb]<\/p>\n<h4 style=\"text-align: center\"><a href=\"https:\/\/linandelle.com\/fr\/produit\/couette-400gr-chaude-polyester-reversible-bicolore-colors\/\"><strong>Couette r\u00e9versible 400 gr m\u00b2 100% polyester COLORS<\/strong><\/a><\/h4>\n<h5 style=\"text-align: center\">\u00c0 partir de 67,60\u20ac<\/h5>\n<p>[\/et_pb_text][\/et_pb_column][et_pb_column type=\u00a0\u00bb1_5&Prime; _builder_version=\u00a0\u00bb4.27.5&Prime; _module_preset=\u00a0\u00bbdefault\u00a0\u00bb global_colors_info=\u00a0\u00bb{}\u00a0\u00bb][et_pb_image src=\u00a0\u00bbhttps:\/\/linandelle.com\/wp-content\/uploads\/2022\/01\/image-5_4-copie.jpg\u00a0\u00bb alt=\u00a0\u00bbcouette natura ambiance\u00a0\u00bb title_text=\u00a0\u00bbcouette natura ambiance\u00a0\u00bb url=\u00a0\u00bbhttps:\/\/linandelle.com\/fr\/produit\/couette-temperee-375gr-100-naturelle-en-coton-percale\/\u00a0\u00bb align=\u00a0\u00bbcenter\u00a0\u00bb _builder_version=\u00a0\u00bb4.27.5&Prime; _module_preset=\u00a0\u00bbdefault\u00a0\u00bb global_colors_info=\u00a0\u00bb{}\u00a0\u00bb][\/et_pb_image][et_pb_text _builder_version=\u00a0\u00bb4.27.5&Prime; _module_preset=\u00a0\u00bbdefault\u00a0\u00bb global_colors_info=\u00a0\u00bb{}\u00a0\u00bb]<\/p>\n<h4 style=\"text-align: center\"><a href=\"https:\/\/linandelle.com\/fr\/produit\/couette-temperee-375gr-100-naturelle-en-coton-percale\/\"><strong>Couette temp\u00e9r\u00e9e naturelle en coton NATURA<\/strong><\/a><\/h4>\n<h5 style=\"text-align: center\">\u00c0 partir de 79,20\u20ac<\/h5>\n<p>[\/et_pb_text][\/et_pb_column][et_pb_column type=\u00a0\u00bb1_5&Prime; _builder_version=\u00a0\u00bb4.27.5&Prime; _module_preset=\u00a0\u00bbdefault\u00a0\u00bb global_colors_info=\u00a0\u00bb{}\u00a0\u00bb][et_pb_image src=\u00a0\u00bbhttps:\/\/linandelle.com\/wp-content\/uploads\/2021\/06\/image-7.03-copie-copie.jpg\u00a0\u00bb alt=\u00a0\u00bbcouette OLYMPE ETE CHALBRE FLEURIE\u00a0\u00bb title_text=\u00a0\u00bbcouette OLYMPE ETE CHALBRE FLEURIE\u00a0\u00bb url=\u00a0\u00bbhttps:\/\/linandelle.com\/fr\/produit\/couette-ete-synthetique-250g-m2-olympe\/\u00a0\u00bb align=\u00a0\u00bbcenter\u00a0\u00bb _builder_version=\u00a0\u00bb4.27.5&Prime; _module_preset=\u00a0\u00bbdefault\u00a0\u00bb global_colors_info=\u00a0\u00bb{}\u00a0\u00bb][\/et_pb_image][et_pb_text _builder_version=\u00a0\u00bb4.27.5&Prime; _module_preset=\u00a0\u00bbdefault\u00a0\u00bb global_colors_info=\u00a0\u00bb{}\u00a0\u00bb]<\/p>\n<h4 style=\"text-align: center\"><a href=\"https:\/\/linandelle.com\/fr\/produit\/couette-ete-synthetique-250g-m2-olympe\/\"><strong>Couette \u00e9t\u00e9 l\u00e9g\u00e8re 250gr OLYMPE<\/strong><\/a><\/h4>\n<h5 style=\"text-align: center\">\u00c0 partir de 42,00\u20ac<\/h5>\n<p>[\/et_pb_text][\/et_pb_column][\/et_pb_row][\/et_pb_section]<\/p>\n","protected":false},"excerpt":{"rendered":"<p>Quand les temp\u00e9ratures chutent, on a tous la m\u00eame envie : dormir bien au chaud. Mais choisir une bonne couette d\u2019hiver n\u2019est pas forc\u00e9ment \u00e9vident. Grammage, garnissage, mati\u00e8re de l\u2019enveloppe\u2026 plusieurs \u00e9l\u00e9ments peuvent influencer le confort et la chaleur. Et \u00e7a tombe bien puisque chez Linandelle, nous connaissons bien ces questions, et nous vous aidons [&hellip;]<\/p>\n","protected":false},"author":15603,"featured_media":86612,"comment_status":"closed","ping_status":"open","sticky":false,"template":"","format":"standard","meta":{"_et_pb_use_builder":"on","_et_pb_old_content":"","_et_gb_content_width":"","footnotes":""},"categories":[1],"tags":[],"class_list":["post-86606","post","type-post","status-publish","format-standard","has-post-thumbnail","hentry","category-blog-linge-de-maison-linandelle"],"yoast_head":"<!-- This site is optimized with the Yoast SEO Premium plugin v27.5 (Yoast SEO v27.5) - https:\/\/yoast.com\/product\/yoast-seo-premium-wordpress\/ -->\n<title>Choisir sa couette pour l\u2019hiver : le guide complet Linandelle<\/title>\n<meta name=\"description\" content=\"D\u00e9couvrez comment choisir votre couette id\u00e9ale pour l\u2019hiver : grammage, garnissage, enveloppe et dur\u00e9e de vie.\" \/>\n<meta name=\"robots\" content=\"index, follow, max-snippet:-1, max-image-preview:large, max-video-preview:-1\" \/>\n<link rel=\"canonical\" href=\"https:\/\/linandelle.com\/fr\/comment-choisir-couette-hiver\/\" \/>\n<meta property=\"og:locale\" content=\"fr_FR\" \/>\n<meta property=\"og:type\" content=\"article\" \/>\n<meta property=\"og:title\" content=\"Choisir sa couette pour l\u2019hiver : le guide complet Linandelle\" \/>\n<meta property=\"og:description\" content=\"D\u00e9couvrez comment choisir votre couette id\u00e9ale pour l\u2019hiver : grammage, garnissage, enveloppe et dur\u00e9e de vie.\" \/>\n<meta property=\"og:url\" content=\"https:\/\/linandelle.com\/fr\/comment-choisir-couette-hiver\/\" \/>\n<meta property=\"og:site_name\" content=\"Linandelle\" \/>\n<meta property=\"article:publisher\" content=\"https:\/\/www.facebook.com\/Linandelle\" \/>\n<meta property=\"article:published_time\" content=\"2026-01-05T10:16:45+00:00\" \/>\n<meta property=\"article:modified_time\" content=\"2026-01-05T10:17:41+00:00\" \/>\n<meta property=\"og:image\" content=\"https:\/\/linandelle.com\/wp-content\/uploads\/2025\/12\/choisir-couette-hiver-linandelle.jpg\" \/>\n\t<meta property=\"og:image:width\" content=\"400\" \/>\n\t<meta property=\"og:image:height\" content=\"250\" \/>\n\t<meta property=\"og:image:type\" content=\"image\/jpeg\" \/>\n<meta name=\"author\" content=\"Megane\" \/>\n<meta name=\"twitter:card\" content=\"summary_large_image\" \/>\n<meta name=\"twitter:label1\" content=\"\u00c9crit par\" \/>\n\t<meta name=\"twitter:data1\" content=\"Megane\" \/>\n\t<meta name=\"twitter:label2\" content=\"Dur\u00e9e de lecture estim\u00e9e\" \/>\n\t<meta name=\"twitter:data2\" content=\"7 minutes\" \/>\n<script type=\"application\/ld+json\" class=\"yoast-schema-graph\">{\"@context\":\"https:\\\/\\\/schema.org\",\"@graph\":[{\"@type\":\"Article\",\"@id\":\"https:\\\/\\\/linandelle.com\\\/fr\\\/comment-choisir-couette-hiver\\\/#article\",\"isPartOf\":{\"@id\":\"https:\\\/\\\/linandelle.com\\\/fr\\\/comment-choisir-couette-hiver\\\/\"},\"author\":{\"name\":\"Megane\",\"@id\":\"https:\\\/\\\/linandelle.com\\\/fr\\\/#\\\/schema\\\/person\\\/4448f22eb1d70df9fc2ceb5ea3e09d7e\"},\"headline\":\"Comment bien choisir sa couette pour l&rsquo;hiver ?\",\"datePublished\":\"2026-01-05T10:16:45+00:00\",\"dateModified\":\"2026-01-05T10:17:41+00:00\",\"mainEntityOfPage\":{\"@id\":\"https:\\\/\\\/linandelle.com\\\/fr\\\/comment-choisir-couette-hiver\\\/\"},\"wordCount\":1660,\"publisher\":{\"@id\":\"https:\\\/\\\/linandelle.com\\\/fr\\\/#organization\"},\"image\":{\"@id\":\"https:\\\/\\\/linandelle.com\\\/fr\\\/comment-choisir-couette-hiver\\\/#primaryimage\"},\"thumbnailUrl\":\"https:\\\/\\\/linandelle.com\\\/wp-content\\\/uploads\\\/2025\\\/12\\\/choisir-couette-hiver-linandelle.jpg\",\"articleSection\":[\"Blog linge de maison Linandelle\"],\"inLanguage\":\"fr-FR\"},{\"@type\":\"WebPage\",\"@id\":\"https:\\\/\\\/linandelle.com\\\/fr\\\/comment-choisir-couette-hiver\\\/\",\"url\":\"https:\\\/\\\/linandelle.com\\\/fr\\\/comment-choisir-couette-hiver\\\/\",\"name\":\"Choisir sa couette pour l\u2019hiver : le guide complet Linandelle\",\"isPartOf\":{\"@id\":\"https:\\\/\\\/linandelle.com\\\/fr\\\/#website\"},\"primaryImageOfPage\":{\"@id\":\"https:\\\/\\\/linandelle.com\\\/fr\\\/comment-choisir-couette-hiver\\\/#primaryimage\"},\"image\":{\"@id\":\"https:\\\/\\\/linandelle.com\\\/fr\\\/comment-choisir-couette-hiver\\\/#primaryimage\"},\"thumbnailUrl\":\"https:\\\/\\\/linandelle.com\\\/wp-content\\\/uploads\\\/2025\\\/12\\\/choisir-couette-hiver-linandelle.jpg\",\"datePublished\":\"2026-01-05T10:16:45+00:00\",\"dateModified\":\"2026-01-05T10:17:41+00:00\",\"description\":\"D\u00e9couvrez comment choisir votre couette id\u00e9ale pour l\u2019hiver : grammage, garnissage, enveloppe et dur\u00e9e de vie.\",\"inLanguage\":\"fr-FR\",\"potentialAction\":[{\"@type\":\"ReadAction\",\"target\":[\"https:\\\/\\\/linandelle.com\\\/fr\\\/comment-choisir-couette-hiver\\\/\"]}]},{\"@type\":\"ImageObject\",\"inLanguage\":\"fr-FR\",\"@id\":\"https:\\\/\\\/linandelle.com\\\/fr\\\/comment-choisir-couette-hiver\\\/#primaryimage\",\"url\":\"https:\\\/\\\/linandelle.com\\\/wp-content\\\/uploads\\\/2025\\\/12\\\/choisir-couette-hiver-linandelle.jpg\",\"contentUrl\":\"https:\\\/\\\/linandelle.com\\\/wp-content\\\/uploads\\\/2025\\\/12\\\/choisir-couette-hiver-linandelle.jpg\",\"width\":400,\"height\":250,\"caption\":\"choisir-couette-hiver---linandelle\"},{\"@type\":\"WebSite\",\"@id\":\"https:\\\/\\\/linandelle.com\\\/fr\\\/#website\",\"url\":\"https:\\\/\\\/linandelle.com\\\/fr\\\/\",\"name\":\"Linandelle\",\"description\":\"Linandelle, plus que du linge, l&#039;essentiel\",\"publisher\":{\"@id\":\"https:\\\/\\\/linandelle.com\\\/fr\\\/#organization\"},\"potentialAction\":[{\"@type\":\"SearchAction\",\"target\":{\"@type\":\"EntryPoint\",\"urlTemplate\":\"https:\\\/\\\/linandelle.com\\\/fr\\\/?s={search_term_string}\"},\"query-input\":{\"@type\":\"PropertyValueSpecification\",\"valueRequired\":true,\"valueName\":\"search_term_string\"}}],\"inLanguage\":\"fr-FR\"},{\"@type\":\"Organization\",\"@id\":\"https:\\\/\\\/linandelle.com\\\/fr\\\/#organization\",\"name\":\"Linandelle\",\"url\":\"https:\\\/\\\/linandelle.com\\\/fr\\\/\",\"logo\":{\"@type\":\"ImageObject\",\"inLanguage\":\"fr-FR\",\"@id\":\"https:\\\/\\\/linandelle.com\\\/fr\\\/#\\\/schema\\\/logo\\\/image\\\/\",\"url\":\"https:\\\/\\\/linandelle.com\\\/wp-content\\\/uploads\\\/2022\\\/03\\\/logo-linandelle.jpg\",\"contentUrl\":\"https:\\\/\\\/linandelle.com\\\/wp-content\\\/uploads\\\/2022\\\/03\\\/logo-linandelle.jpg\",\"width\":739,\"height\":738,\"caption\":\"Linandelle\"},\"image\":{\"@id\":\"https:\\\/\\\/linandelle.com\\\/fr\\\/#\\\/schema\\\/logo\\\/image\\\/\"},\"sameAs\":[\"https:\\\/\\\/www.facebook.com\\\/Linandelle\",\"https:\\\/\\\/www.instagram.com\\\/linandelle\\\/\",\"https:\\\/\\\/www.linkedin.com\\\/company\\\/18483801\\\/admin\\\/dashboard\\\/\",\"https:\\\/\\\/www.pinterest.fr\\\/linandelle\\\/_created\\\/\",\"https:\\\/\\\/www.youtube.com\\\/@linandellecharleval1016\"],\"email\":\"contact@linandelle.com\",\"telephone\":\"0232687800\",\"legalName\":\"SARL DU PONT DES JARDINS\",\"vatID\":\"FR27448856641\",\"taxID\":\"44885664100015\",\"numberOfEmployees\":{\"@type\":\"QuantitativeValue\",\"minValue\":\"1\",\"maxValue\":\"10\"}},{\"@type\":\"Person\",\"@id\":\"https:\\\/\\\/linandelle.com\\\/fr\\\/#\\\/schema\\\/person\\\/4448f22eb1d70df9fc2ceb5ea3e09d7e\",\"name\":\"Megane\"}]}<\/script>\n<!-- \/ Yoast SEO Premium plugin. -->","yoast_head_json":{"title":"Choisir sa couette pour l\u2019hiver : le guide complet Linandelle","description":"D\u00e9couvrez comment choisir votre couette id\u00e9ale pour l\u2019hiver : grammage, garnissage, enveloppe et dur\u00e9e de vie.","robots":{"index":"index","follow":"follow","max-snippet":"max-snippet:-1","max-image-preview":"max-image-preview:large","max-video-preview":"max-video-preview:-1"},"canonical":"https:\/\/linandelle.com\/fr\/comment-choisir-couette-hiver\/","og_locale":"fr_FR","og_type":"article","og_title":"Choisir sa couette pour l\u2019hiver : le guide complet Linandelle","og_description":"D\u00e9couvrez comment choisir votre couette id\u00e9ale pour l\u2019hiver : grammage, garnissage, enveloppe et dur\u00e9e de vie.","og_url":"https:\/\/linandelle.com\/fr\/comment-choisir-couette-hiver\/","og_site_name":"Linandelle","article_publisher":"https:\/\/www.facebook.com\/Linandelle","article_published_time":"2026-01-05T10:16:45+00:00","article_modified_time":"2026-01-05T10:17:41+00:00","og_image":[{"width":400,"height":250,"url":"https:\/\/linandelle.com\/wp-content\/uploads\/2025\/12\/choisir-couette-hiver-linandelle.jpg","type":"image\/jpeg"}],"author":"Megane","twitter_card":"summary_large_image","twitter_misc":{"\u00c9crit par":"Megane","Dur\u00e9e de lecture estim\u00e9e":"7 minutes"},"schema":{"@context":"https:\/\/schema.org","@graph":[{"@type":"Article","@id":"https:\/\/linandelle.com\/fr\/comment-choisir-couette-hiver\/#article","isPartOf":{"@id":"https:\/\/linandelle.com\/fr\/comment-choisir-couette-hiver\/"},"author":{"name":"Megane","@id":"https:\/\/linandelle.com\/fr\/#\/schema\/person\/4448f22eb1d70df9fc2ceb5ea3e09d7e"},"headline":"Comment bien choisir sa couette pour l&rsquo;hiver ?","datePublished":"2026-01-05T10:16:45+00:00","dateModified":"2026-01-05T10:17:41+00:00","mainEntityOfPage":{"@id":"https:\/\/linandelle.com\/fr\/comment-choisir-couette-hiver\/"},"wordCount":1660,"publisher":{"@id":"https:\/\/linandelle.com\/fr\/#organization"},"image":{"@id":"https:\/\/linandelle.com\/fr\/comment-choisir-couette-hiver\/#primaryimage"},"thumbnailUrl":"https:\/\/linandelle.com\/wp-content\/uploads\/2025\/12\/choisir-couette-hiver-linandelle.jpg","articleSection":["Blog linge de maison Linandelle"],"inLanguage":"fr-FR"},{"@type":"WebPage","@id":"https:\/\/linandelle.com\/fr\/comment-choisir-couette-hiver\/","url":"https:\/\/linandelle.com\/fr\/comment-choisir-couette-hiver\/","name":"Choisir sa couette pour l\u2019hiver : le guide complet Linandelle","isPartOf":{"@id":"https:\/\/linandelle.com\/fr\/#website"},"primaryImageOfPage":{"@id":"https:\/\/linandelle.com\/fr\/comment-choisir-couette-hiver\/#primaryimage"},"image":{"@id":"https:\/\/linandelle.com\/fr\/comment-choisir-couette-hiver\/#primaryimage"},"thumbnailUrl":"https:\/\/linandelle.com\/wp-content\/uploads\/2025\/12\/choisir-couette-hiver-linandelle.jpg","datePublished":"2026-01-05T10:16:45+00:00","dateModified":"2026-01-05T10:17:41+00:00","description":"D\u00e9couvrez comment choisir votre couette id\u00e9ale pour l\u2019hiver : grammage, garnissage, enveloppe et dur\u00e9e de vie.","inLanguage":"fr-FR","potentialAction":[{"@type":"ReadAction","target":["https:\/\/linandelle.com\/fr\/comment-choisir-couette-hiver\/"]}]},{"@type":"ImageObject","inLanguage":"fr-FR","@id":"https:\/\/linandelle.com\/fr\/comment-choisir-couette-hiver\/#primaryimage","url":"https:\/\/linandelle.com\/wp-content\/uploads\/2025\/12\/choisir-couette-hiver-linandelle.jpg","contentUrl":"https:\/\/linandelle.com\/wp-content\/uploads\/2025\/12\/choisir-couette-hiver-linandelle.jpg","width":400,"height":250,"caption":"choisir-couette-hiver---linandelle"},{"@type":"WebSite","@id":"https:\/\/linandelle.com\/fr\/#website","url":"https:\/\/linandelle.com\/fr\/","name":"Linandelle","description":"Linandelle, plus que du linge, l&#039;essentiel","publisher":{"@id":"https:\/\/linandelle.com\/fr\/#organization"},"potentialAction":[{"@type":"SearchAction","target":{"@type":"EntryPoint","urlTemplate":"https:\/\/linandelle.com\/fr\/?s={search_term_string}"},"query-input":{"@type":"PropertyValueSpecification","valueRequired":true,"valueName":"search_term_string"}}],"inLanguage":"fr-FR"},{"@type":"Organization","@id":"https:\/\/linandelle.com\/fr\/#organization","name":"Linandelle","url":"https:\/\/linandelle.com\/fr\/","logo":{"@type":"ImageObject","inLanguage":"fr-FR","@id":"https:\/\/linandelle.com\/fr\/#\/schema\/logo\/image\/","url":"https:\/\/linandelle.com\/wp-content\/uploads\/2022\/03\/logo-linandelle.jpg","contentUrl":"https:\/\/linandelle.com\/wp-content\/uploads\/2022\/03\/logo-linandelle.jpg","width":739,"height":738,"caption":"Linandelle"},"image":{"@id":"https:\/\/linandelle.com\/fr\/#\/schema\/logo\/image\/"},"sameAs":["https:\/\/www.facebook.com\/Linandelle","https:\/\/www.instagram.com\/linandelle\/","https:\/\/www.linkedin.com\/company\/18483801\/admin\/dashboard\/","https:\/\/www.pinterest.fr\/linandelle\/_created\/","https:\/\/www.youtube.com\/@linandellecharleval1016"],"email":"contact@linandelle.com","telephone":"0232687800","legalName":"SARL DU PONT DES JARDINS","vatID":"FR27448856641","taxID":"44885664100015","numberOfEmployees":{"@type":"QuantitativeValue","minValue":"1","maxValue":"10"}},{"@type":"Person","@id":"https:\/\/linandelle.com\/fr\/#\/schema\/person\/4448f22eb1d70df9fc2ceb5ea3e09d7e","name":"Megane"}]}},"_links":{"self":[{"href":"https:\/\/linandelle.com\/fr\/wp-json\/wp\/v2\/posts\/86606","targetHints":{"allow":["GET"]}}],"collection":[{"href":"https:\/\/linandelle.com\/fr\/wp-json\/wp\/v2\/posts"}],"about":[{"href":"https:\/\/linandelle.com\/fr\/wp-json\/wp\/v2\/types\/post"}],"author":[{"embeddable":true,"href":"https:\/\/linandelle.com\/fr\/wp-json\/wp\/v2\/users\/15603"}],"replies":[{"embeddable":true,"href":"https:\/\/linandelle.com\/fr\/wp-json\/wp\/v2\/comments?post=86606"}],"version-history":[{"count":6,"href":"https:\/\/linandelle.com\/fr\/wp-json\/wp\/v2\/posts\/86606\/revisions"}],"predecessor-version":[{"id":86975,"href":"https:\/\/linandelle.com\/fr\/wp-json\/wp\/v2\/posts\/86606\/revisions\/86975"}],"wp:featuredmedia":[{"embeddable":true,"href":"https:\/\/linandelle.com\/fr\/wp-json\/wp\/v2\/media\/86612"}],"wp:attachment":[{"href":"https:\/\/linandelle.com\/fr\/wp-json\/wp\/v2\/media?parent=86606"}],"wp:term":[{"taxonomy":"category","embeddable":true,"href":"https:\/\/linandelle.com\/fr\/wp-json\/wp\/v2\/categories?post=86606"},{"taxonomy":"post_tag","embeddable":true,"href":"https:\/\/linandelle.com\/fr\/wp-json\/wp\/v2\/tags?post=86606"}],"curies":[{"name":"wp","href":"https:\/\/api.w.org\/{rel}","templated":true}]}}