{"id":86911,"date":"2025-12-30T23:33:40","date_gmt":"2025-12-30T22:33:40","guid":{"rendered":"https:\/\/linandelle.com\/fr\/?p=86911"},"modified":"2025-12-31T09:24:34","modified_gmt":"2025-12-31T08:24:34","slug":"ventes-privees-linandelle-2025","status":"publish","type":"post","link":"https:\/\/linandelle.com\/fr\/ventes-privees-linandelle-2025\/","title":{"rendered":"Ventes priv\u00e9es Linandelle : une attention exclusive pour bien commencer l\u2019ann\u00e9e"},"content":{"rendered":"<p>[et_pb_section fb_built=\u00a0\u00bb1&Prime; admin_label=\u00a0\u00bbArticle\u00a0\u00bb _builder_version=\u00a0\u00bb4.27.5&Prime; _module_preset=\u00a0\u00bbdefault\u00a0\u00bb collapsed=\u00a0\u00bbon\u00a0\u00bb global_colors_info=\u00a0\u00bb{}\u00a0\u00bb theme_builder_area=\u00a0\u00bbpost_content\u00a0\u00bb][et_pb_row _builder_version=\u00a0\u00bb4.27.5&Prime; _module_preset=\u00a0\u00bbdefault\u00a0\u00bb global_colors_info=\u00a0\u00bb{}\u00a0\u00bb theme_builder_area=\u00a0\u00bbpost_content\u00a0\u00bb][et_pb_column type=\u00a0\u00bb4_4&Prime; _builder_version=\u00a0\u00bb4.27.5&Prime; _module_preset=\u00a0\u00bbdefault\u00a0\u00bb global_colors_info=\u00a0\u00bb{}\u00a0\u00bb theme_builder_area=\u00a0\u00bbpost_content\u00a0\u00bb][et_pb_text _builder_version=\u00a0\u00bb4.27.5&Prime; _module_preset=\u00a0\u00bbdefault\u00a0\u00bb text_font_size=\u00a0\u00bb1.25em\u00a0\u00bb text_line_height=\u00a0\u00bb1.5em\u00a0\u00bb global_colors_info=\u00a0\u00bb{}\u00a0\u00bb theme_builder_area=\u00a0\u00bbpost_content\u00a0\u00bb]<\/p>\n<p>Il y a des moments que l\u2019on aime r\u00e9server \u00e0 celles et ceux qui nous accompagnent au quotidien.\u00a0Pour bien commencer la nouvelle ann\u00e9e, Linandelle ouvre ses <strong>ventes priv\u00e9es <\/strong>et vous r\u00e9serve une attention toute particuli\u00e8re.<\/p>\n<p>[\/et_pb_text][et_pb_text _builder_version=\u00a0\u00bb4.27.5&Prime; _module_preset=\u00a0\u00bbdefault\u00a0\u00bb locked=\u00a0\u00bboff\u00a0\u00bb global_colors_info=\u00a0\u00bb{}\u00a0\u00bb theme_builder_area=\u00a0\u00bbpost_content\u00a0\u00bb]<\/p>\n<p>Les ventes priv\u00e9es Linandelle ne sont pas une simple promotion. Elles sont une mani\u00e8re de vous remercier de suivre notre univers, de partager notre go\u00fbt pour les <strong>mati\u00e8res naturelles<\/strong>, le <strong>linge de maison durable<\/strong> et les <strong>int\u00e9rieurs qui racontent une histoire<\/strong>.<\/p>\n<p>Pendant quelques jours seulement, nous vous offrons la possibilit\u00e9 de profiter d\u2019un avantage privil\u00e9gi\u00e9 sur l\u2019ensemble de notre linge de maison : <a href=\"https:\/\/linandelle.com\/fr\/categorie\/linge-de-lit\/\">linge de lit<\/a>, <a href=\"https:\/\/linandelle.com\/fr\/categorie\/salle-de-bain\/\">linge de bain<\/a>, <a href=\"https:\/\/linandelle.com\/fr\/categorie\/table\/\">linge de table<\/a>\u2026 des pi\u00e8ces pens\u00e9es pour durer et accompagner votre quotidien avec douceur.<\/p>\n<p>[\/et_pb_text][\/et_pb_column][\/et_pb_row][\/et_pb_section][et_pb_section fb_built=\u00a0\u00bb1&Prime; admin_label=\u00a0\u00bbBien choisir son linge\u00a0\u00bb _builder_version=\u00a0\u00bb4.27.5&Prime; _module_preset=\u00a0\u00bbdefault\u00a0\u00bb background_color=\u00a0\u00bbRGBA(255,255,255,0)\u00a0\u00bb custom_padding=\u00a0\u00bb0px|0px|0px|0px|false|false\u00a0\u00bb locked=\u00a0\u00bboff\u00a0\u00bb global_colors_info=\u00a0\u00bb{}\u00a0\u00bb theme_builder_area=\u00a0\u00bbpost_content\u00a0\u00bb][et_pb_row column_structure=\u00a0\u00bb2_5,3_5&Prime; make_equal=\u00a0\u00bbon\u00a0\u00bb _builder_version=\u00a0\u00bb4.27.5&Prime; _module_preset=\u00a0\u00bbdefault\u00a0\u00bb background_color=\u00a0\u00bb#fbf9f6&Prime; module_alignment=\u00a0\u00bbcenter\u00a0\u00bb custom_padding=\u00a0\u00bb0px||0px||false|false\u00a0\u00bb box_shadow_style=\u00a0\u00bbpreset6&Prime; box_shadow_blur=\u00a0\u00bb10px\u00a0\u00bb box_shadow_spread=\u00a0\u00bb-5px\u00a0\u00bb global_colors_info=\u00a0\u00bb{}\u00a0\u00bb theme_builder_area=\u00a0\u00bbpost_content\u00a0\u00bb][et_pb_column type=\u00a0\u00bb2_5&Prime; _builder_version=\u00a0\u00bb4.27.5&Prime; _module_preset=\u00a0\u00bbdefault\u00a0\u00bb custom_padding=\u00a0\u00bb2rem|2rem|2rem|2rem|false|false\u00a0\u00bb global_colors_info=\u00a0\u00bb{}\u00a0\u00bb theme_builder_area=\u00a0\u00bbpost_content\u00a0\u00bb][et_pb_text _builder_version=\u00a0\u00bb4.27.5&Prime; _module_preset=\u00a0\u00bbdefault\u00a0\u00bb header_2_font=\u00a0\u00bb|||on|||||\u00a0\u00bb custom_margin=\u00a0\u00bb0px||||false|false\u00a0\u00bb hover_enabled=\u00a0\u00bb0&Prime; global_colors_info=\u00a0\u00bb{}\u00a0\u00bb theme_builder_area=\u00a0\u00bbpost_content\u00a0\u00bb sticky_enabled=\u00a0\u00bb0&Prime;]<\/p>\n<h2>Votre <strong>avantage<\/strong> exclusif<\/h2>\n<p>Lors de votre commande, renseignez simplement le code privil\u00e8ge <strong>VIP20<\/strong> pour activer votre avantage vente priv\u00e9e.<\/p>\n<p>Une attention simple, accessible, pour se faire plaisir ou prolonger la douceur des f\u00eates \u00e0 la maison.<\/p>\n<p>[\/et_pb_text][\/et_pb_column][et_pb_column type=\u00a0\u00bb3_5&Prime; _builder_version=\u00a0\u00bb4.27.5&Prime; _module_preset=\u00a0\u00bbdefault\u00a0\u00bb background_color=\u00a0\u00bb#4D716C\u00a0\u00bb background_image=\u00a0\u00bbhttps:\/\/linandelle.com\/wp-content\/uploads\/2025\/12\/vente-privee-linandelle-2025-banniere.png\u00a0\u00bb background_position=\u00a0\u00bbbottom_right\u00a0\u00bb background_blend=\u00a0\u00bbsoft-light\u00a0\u00bb custom_padding=\u00a0\u00bb2rem|2rem|2rem|2rem|false|false\u00a0\u00bb global_colors_info=\u00a0\u00bb{}\u00a0\u00bb theme_builder_area=\u00a0\u00bbpost_content\u00a0\u00bb][et_pb_text _builder_version=\u00a0\u00bb4.27.5&Prime; _module_preset=\u00a0\u00bbdefault\u00a0\u00bb text_text_color=\u00a0\u00bb#FFFFFF\u00a0\u00bb header_2_font=\u00a0\u00bb|||on|||||\u00a0\u00bb header_3_text_color=\u00a0\u00bb#FFFFFF\u00a0\u00bb header_3_font_size=\u00a0\u00bb1.75em\u00a0\u00bb header_3_line_height=\u00a0\u00bb1.5em\u00a0\u00bb header_4_text_color=\u00a0\u00bb#FFFFFF\u00a0\u00bb custom_margin=\u00a0\u00bb||||false|false\u00a0\u00bb header_text_align_tablet=\u00a0\u00bb\u00a0\u00bb header_text_align_phone=\u00a0\u00bbcenter\u00a0\u00bb header_text_align_last_edited=\u00a0\u00bbon|phone\u00a0\u00bb text_orientation_tablet=\u00a0\u00bb\u00a0\u00bb text_orientation_phone=\u00a0\u00bbcenter\u00a0\u00bb text_orientation_last_edited=\u00a0\u00bbon|phone\u00a0\u00bb global_colors_info=\u00a0\u00bb{}\u00a0\u00bb theme_builder_area=\u00a0\u00bbpost_content\u00a0\u00bb]<\/p>\n<h3><strong>Code <\/strong>ventes priv\u00e9es<br \/><strong>\ud83c\udf81\u00a0<\/strong><strong>VIP20 <\/strong><strong>\ud83c\udf81 <\/strong><\/h3>\n<ul>\n<li aria-level=\"1\"><strong>-20 % de r\u00e9duction<\/strong><\/li>\n<li aria-level=\"1\"><strong>D\u00e8s 19 \u20ac<\/strong> d\u2019achat<\/li>\n<li aria-level=\"1\">Offre valable <strong>du 31 d\u00e9cembre 2025<br \/>au 6 janvier 2026 inclus<\/strong><\/li>\n<\/ul>\n<p>[\/et_pb_text][\/et_pb_column][\/et_pb_row][et_pb_row _builder_version=\u00a0\u00bb4.27.5&Prime; _module_preset=\u00a0\u00bbdefault\u00a0\u00bb background_color=\u00a0\u00bbRGBA(255,255,255,0)\u00a0\u00bb global_colors_info=\u00a0\u00bb{}\u00a0\u00bb theme_builder_area=\u00a0\u00bbpost_content\u00a0\u00bb][et_pb_column type=\u00a0\u00bb4_4&Prime; _builder_version=\u00a0\u00bb4.27.5&Prime; _module_preset=\u00a0\u00bbdefault\u00a0\u00bb global_colors_info=\u00a0\u00bb{}\u00a0\u00bb theme_builder_area=\u00a0\u00bbpost_content\u00a0\u00bb][et_pb_text _builder_version=\u00a0\u00bb4.27.5&Prime; _module_preset=\u00a0\u00bbdefault\u00a0\u00bb text_font=\u00a0\u00bb||on||||||\u00a0\u00bb text_orientation=\u00a0\u00bbcenter\u00a0\u00bb global_colors_info=\u00a0\u00bb{}\u00a0\u00bb theme_builder_area=\u00a0\u00bbpost_content\u00a0\u00bb]<\/p>\n<p><span style=\"font-weight: 400;\">Ventes priv\u00e9es : offre valable du <\/span><b>31 d\u00e9cembre au 6 janvier inclus<\/b><span style=\"font-weight: 400;\">, sur l\u2019ensemble du site linandelle.com, d\u00e8s <\/span><b>19 \u20ac d\u2019achat<\/b><span style=\"font-weight: 400;\">, dans la limite des stocks disponibles. Offre non cumulable avec d\u2019autres codes promotionnels.<\/span><\/p>\n<p>[\/et_pb_text][\/et_pb_column][\/et_pb_row][\/et_pb_section][et_pb_section fb_built=\u00a0\u00bb1&Prime; admin_label=\u00a0\u00bbArticle\u00a0\u00bb _builder_version=\u00a0\u00bb4.27.5&Prime; _module_preset=\u00a0\u00bbdefault\u00a0\u00bb custom_padding=\u00a0\u00bb0px||||false|false\u00a0\u00bb collapsed=\u00a0\u00bbon\u00a0\u00bb global_colors_info=\u00a0\u00bb{}\u00a0\u00bb theme_builder_area=\u00a0\u00bbpost_content\u00a0\u00bb][et_pb_row _builder_version=\u00a0\u00bb4.27.5&Prime; _module_preset=\u00a0\u00bbdefault\u00a0\u00bb global_colors_info=\u00a0\u00bb{}\u00a0\u00bb theme_builder_area=\u00a0\u00bbpost_content\u00a0\u00bb][et_pb_column type=\u00a0\u00bb4_4&Prime; _builder_version=\u00a0\u00bb4.27.5&Prime; _module_preset=\u00a0\u00bbdefault\u00a0\u00bb global_colors_info=\u00a0\u00bb{}\u00a0\u00bb theme_builder_area=\u00a0\u00bbpost_content\u00a0\u00bb][et_pb_text _builder_version=\u00a0\u00bb4.27.5&Prime; _module_preset=\u00a0\u00bbdefault\u00a0\u00bb header_2_font=\u00a0\u00bb|||on|||||\u00a0\u00bb header_2_line_height=\u00a0\u00bb1.5em\u00a0\u00bb locked=\u00a0\u00bboff\u00a0\u00bb global_colors_info=\u00a0\u00bb{}\u00a0\u00bb theme_builder_area=\u00a0\u00bbpost_content\u00a0\u00bb]<\/p>\n<h2>Pourquoi profiter des <strong>ventes priv\u00e9es Linandelle<\/strong> ?<\/h2>\n<p>Parce qu\u2019apr\u00e8s l\u2019effervescence des f\u00eates, vient le temps de ralentir et de se retrouver chez soi. Les ventes priv\u00e9es Linandelle sont l\u2019occasion id\u00e9ale pour <strong>faire entrer la douceur de l\u2019hiver dans votre maison<\/strong> :<\/p>\n<ul>\n<li aria-level=\"1\">renouveler votre linge de maison pour cr\u00e9er un cocon chaleureux,<\/li>\n<li aria-level=\"1\">envelopper vos moments du quotidien de mati\u00e8res naturelles et r\u00e9confortantes,<\/li>\n<li aria-level=\"1\">prolonger l\u2019esprit des f\u00eates \u00e0 travers des pi\u00e8ces \u00e9l\u00e9gantes et durables,<\/li>\n<li aria-level=\"1\">ou simplement vous accorder une attention, rien que pour vous.<\/li>\n<\/ul>\n<p>Chez Linandelle, chaque produit est pens\u00e9 pour accompagner ces instants pr\u00e9cieux : un linge de maison qui r\u00e9chauffe, rassure et sublime le quotidien, entre <strong>confort<\/strong>, <strong>savoir-faire textile<\/strong> et <strong>\u00e9l\u00e9gance intemporelle<\/strong>.<\/p>\n<p>[\/et_pb_text][\/et_pb_column][\/et_pb_row][\/et_pb_section][et_pb_section fb_built=\u00a0\u00bb1&Prime; inner_shadow=\u00a0\u00bbon\u00a0\u00bb admin_label=\u00a0\u00bbBien choisir son linge\u00a0\u00bb _builder_version=\u00a0\u00bb4.27.5&Prime; _module_preset=\u00a0\u00bbdefault\u00a0\u00bb background_color=\u00a0\u00bb#FBF9F6&Prime; background_image=\u00a0\u00bbhttps:\/\/linandelle.com\/wp-content\/uploads\/2025\/12\/Mail.png\u00a0\u00bb background_size=\u00a0\u00bbinitial\u00a0\u00bb background_position=\u00a0\u00bbbottom_right\u00a0\u00bb background_horizontal_offset=\u00a0\u00bb5%\u00a0\u00bb custom_padding=\u00a0\u00bb0px|0px|0px|0px|false|false\u00a0\u00bb locked=\u00a0\u00bboff\u00a0\u00bb global_colors_info=\u00a0\u00bb{}\u00a0\u00bb theme_builder_area=\u00a0\u00bbpost_content\u00a0\u00bb][et_pb_row make_equal=\u00a0\u00bbon\u00a0\u00bb _builder_version=\u00a0\u00bb4.27.5&Prime; _module_preset=\u00a0\u00bbdefault\u00a0\u00bb module_alignment=\u00a0\u00bbcenter\u00a0\u00bb custom_padding=\u00a0\u00bb0px||0px||false|false\u00a0\u00bb global_colors_info=\u00a0\u00bb{}\u00a0\u00bb theme_builder_area=\u00a0\u00bbpost_content\u00a0\u00bb][et_pb_column type=\u00a0\u00bb4_4&Prime; _builder_version=\u00a0\u00bb4.27.5&Prime; _module_preset=\u00a0\u00bbdefault\u00a0\u00bb custom_padding=\u00a0\u00bb2rem|2rem|2rem|2rem|false|false\u00a0\u00bb global_colors_info=\u00a0\u00bb{}\u00a0\u00bb theme_builder_area=\u00a0\u00bbpost_content\u00a0\u00bb][et_pb_text _builder_version=\u00a0\u00bb4.27.5&Prime; _module_preset=\u00a0\u00bbdefault\u00a0\u00bb header_2_font=\u00a0\u00bb|||on|||||\u00a0\u00bb header_2_line_height=\u00a0\u00bb1.5em\u00a0\u00bb custom_margin=\u00a0\u00bb0px||||false|false\u00a0\u00bb global_colors_info=\u00a0\u00bb{}\u00a0\u00bb theme_builder_area=\u00a0\u00bbpost_content\u00a0\u00bb]<\/p>\n<h2><strong>Rejoindre la communaut\u00e9<\/strong> Linandelle<\/h2>\n<p>D\u2019autres attentions pourraient bien suivre\u2026 en vous inscrivant \u00e0 notre <strong>newsletter<\/strong>, vous profitez :<\/p>\n<ul>\n<li>d\u2019offres exclusives,<\/li>\n<li>d\u2019avant-premi\u00e8res,<\/li>\n<li>d\u2019id\u00e9es d\u00e9co et inspirations autour du linge de maison,<\/li>\n<li>et de contenus pens\u00e9s pour vous accompagner au fil des saisons.<\/li>\n<\/ul>\n<p>[\/et_pb_text][et_pb_button button_url=\u00a0\u00bbhttps:\/\/linandelle.com\/fr\/inscription-newsletter\/\u00a0\u00bb button_text=\u00a0\u00bbJe m\u2019inscris \u00e0 la newsletter Linandelle\u00a0\u00bb button_alignment=\u00a0\u00bbleft\u00a0\u00bb button_alignment_tablet=\u00a0\u00bbleft\u00a0\u00bb button_alignment_phone=\u00a0\u00bbcenter\u00a0\u00bb button_alignment_last_edited=\u00a0\u00bbon|phone\u00a0\u00bb _builder_version=\u00a0\u00bb4.27.5&Prime; _module_preset=\u00a0\u00bbdefault\u00a0\u00bb custom_button=\u00a0\u00bbon\u00a0\u00bb button_text_size=\u00a0\u00bb1.25rem\u00a0\u00bb button_font=\u00a0\u00bb&#8211;et_global_body_font|300|||on|||#154741|\u00a0\u00bb button_use_icon=\u00a0\u00bboff\u00a0\u00bb locked=\u00a0\u00bboff\u00a0\u00bb global_colors_info=\u00a0\u00bb{}\u00a0\u00bb theme_builder_area=\u00a0\u00bbpost_content\u00a0\u00bb][\/et_pb_button][\/et_pb_column][\/et_pb_row][\/et_pb_section][et_pb_section fb_built=\u00a0\u00bb1&Prime; admin_label=\u00a0\u00bbArticle\u00a0\u00bb _builder_version=\u00a0\u00bb4.27.5&Prime; _module_preset=\u00a0\u00bbdefault\u00a0\u00bb collapsed=\u00a0\u00bbon\u00a0\u00bb global_colors_info=\u00a0\u00bb{}\u00a0\u00bb theme_builder_area=\u00a0\u00bbpost_content\u00a0\u00bb][et_pb_row _builder_version=\u00a0\u00bb4.27.5&Prime; _module_preset=\u00a0\u00bbdefault\u00a0\u00bb global_colors_info=\u00a0\u00bb{}\u00a0\u00bb theme_builder_area=\u00a0\u00bbpost_content\u00a0\u00bb][et_pb_column type=\u00a0\u00bb4_4&Prime; _builder_version=\u00a0\u00bb4.27.5&Prime; _module_preset=\u00a0\u00bbdefault\u00a0\u00bb global_colors_info=\u00a0\u00bb{}\u00a0\u00bb theme_builder_area=\u00a0\u00bbpost_content\u00a0\u00bb][et_pb_text _builder_version=\u00a0\u00bb4.27.5&Prime; _module_preset=\u00a0\u00bbdefault\u00a0\u00bb text_font_size=\u00a0\u00bb1.25em\u00a0\u00bb text_line_height=\u00a0\u00bb1.5em\u00a0\u00bb header_2_font=\u00a0\u00bb|||on|||||\u00a0\u00bb header_2_text_align=\u00a0\u00bbcenter\u00a0\u00bb text_orientation=\u00a0\u00bbcenter\u00a0\u00bb locked=\u00a0\u00bboff\u00a0\u00bb global_colors_info=\u00a0\u00bb{}\u00a0\u00bb theme_builder_area=\u00a0\u00bbpost_content\u00a0\u00bb]<\/p>\n<p><span style=\"font-weight: 400;\"><strong>Merci de faire partie de l\u2019aventure Linandelle.\u00a0<\/strong><br \/><\/span><span style=\"font-weight: 400;\">Nous vous souhaitons une ann\u00e9e douce, chaleureuse et remplie de beaux moments partag\u00e9s, \u00e0 la maison comme ailleurs.<\/span><\/p>\n<p>[\/et_pb_text][\/et_pb_column][\/et_pb_row][\/et_pb_section]<\/p>\n","protected":false},"excerpt":{"rendered":"<p>Il y a des moments que l\u2019on aime r\u00e9server \u00e0 celles et ceux qui nous accompagnent au quotidien.\u00a0Pour bien commencer la nouvelle ann\u00e9e, Linandelle ouvre ses ventes priv\u00e9es et vous r\u00e9serve une attention toute particuli\u00e8re.Les ventes priv\u00e9es Linandelle ne sont pas une simple promotion. Elles sont une mani\u00e8re de vous remercier de suivre notre univers, [&hellip;]<\/p>\n","protected":false},"author":14757,"featured_media":86913,"comment_status":"closed","ping_status":"open","sticky":false,"template":"","format":"standard","meta":{"_et_pb_use_builder":"on","_et_pb_old_content":"<!-- wp:paragraph -->\n<p id=\"h-il-y-a-des-moments-que-l-on-aime-reserver-a-celles-et-ceux-qui-nous-accompagnent-au-quotidien\">Il y a des moments que l\u2019on aime r\u00e9server \u00e0 celles et ceux qui nous accompagnent au quotidien.<\/p>\n<!-- \/wp:paragraph -->\n\n<!-- wp:paragraph -->\n<p>Pour bien commencer la nouvelle ann\u00e9e, Linandelle ouvre ses <strong>ventes priv\u00e9es<\/strong> et vous r\u00e9serve une attention toute particuli\u00e8re.<\/p>\n<!-- \/wp:paragraph -->\n\n<!-- wp:heading -->\n<h2 class=\"wp-block-heading\" id=\"h-une-vente-privee-pensee-rien-que-pour-vous\"><strong>Une vente priv\u00e9e pens\u00e9e rien que pour vous<\/strong><\/h2>\n<!-- \/wp:heading -->\n\n<!-- wp:paragraph -->\n<p>Les ventes priv\u00e9es Linandelle ne sont pas une simple promotion. Elles sont une mani\u00e8re de vous remercier de suivre notre univers, de partager notre go\u00fbt pour les <strong>mati\u00e8res naturelles<\/strong>, le <strong>linge de maison durable<\/strong> et les <strong>int\u00e9rieurs qui racontent une histoire<\/strong>.<\/p>\n<!-- \/wp:paragraph -->\n\n<!-- wp:paragraph -->\n<p>Pendant quelques jours seulement, nous vous offrons la possibilit\u00e9 de profiter d\u2019un avantage privil\u00e9gi\u00e9 sur l\u2019ensemble de notre linge de maison : linge de lit, linge de bain, linge de table\u2026 des pi\u00e8ces pens\u00e9es pour durer et accompagner votre quotidien avec douceur.<\/p>\n<!-- \/wp:paragraph -->\n\n<!-- wp:heading {\"level\":3} -->\n<h3 class=\"wp-block-heading\" id=\"h-votre-avantage-exclusif\"><strong>Votre avantage exclusif<\/strong><\/h3>\n<!-- \/wp:heading -->\n\n<!-- wp:paragraph -->\n<p>Lors de votre commande, renseignez simplement le code privil\u00e8ge pour activer votre avantage vente priv\u00e9e.<\/p>\n<!-- \/wp:paragraph -->\n\n<!-- wp:heading {\"level\":4} -->\n<h4 class=\"wp-block-heading\" id=\"h-code-ventes-privees-vip20\"><strong>\ud83c\udf81 Code ventes priv\u00e9es : VIP20<\/strong><\/h4>\n<!-- \/wp:heading -->\n\n<!-- wp:list -->\n<ul class=\"wp-block-list\"><!-- wp:list-item -->\n<li><strong>\u201320 % de r\u00e9duction<\/strong><\/li>\n<!-- \/wp:list-item -->\n\n<!-- wp:list-item -->\n<li><strong>D\u00e8s 19 \u20ac d\u2019achat<\/strong><\/li>\n<!-- \/wp:list-item -->\n\n<!-- wp:list-item -->\n<li>Offre valable <strong>du 31 d\u00e9cembre au 6 janvier inclus<\/strong><\/li>\n<!-- \/wp:list-item --><\/ul>\n<!-- \/wp:list -->\n\n<!-- wp:paragraph -->\n<p>Une attention simple, accessible, pour se faire plaisir ou prolonger la douceur des f\u00eates \u00e0 la maison.<\/p>\n<!-- \/wp:paragraph -->\n\n<!-- wp:heading {\"level\":3} -->\n<h3 class=\"wp-block-heading\" id=\"h-pourquoi-profiter-des-ventes-privees-linandelle\"><strong>Pourquoi profiter des ventes priv\u00e9es Linandelle ?<\/strong><\/h3>\n<!-- \/wp:heading -->\n\n<!-- wp:paragraph -->\n<p>Parce qu\u2019apr\u00e8s l\u2019effervescence des f\u00eates, vient le temps de ralentir et de se retrouver chez soi. Les ventes priv\u00e9es Linandelle sont l\u2019occasion id\u00e9ale pour <strong>faire entrer la douceur de l\u2019hiver dans votre maison<\/strong> :<\/p>\n<!-- \/wp:paragraph -->\n\n<!-- wp:list -->\n<ul class=\"wp-block-list\"><!-- wp:list-item -->\n<li>renouveler votre linge de maison pour cr\u00e9er un cocon chaleureux,<\/li>\n<!-- \/wp:list-item -->\n\n<!-- wp:list-item -->\n<li>envelopper vos moments du quotidien de mati\u00e8res naturelles et r\u00e9confortantes,<\/li>\n<!-- \/wp:list-item -->\n\n<!-- wp:list-item -->\n<li>prolonger l\u2019esprit des f\u00eates \u00e0 travers des pi\u00e8ces \u00e9l\u00e9gantes et durables,<\/li>\n<!-- \/wp:list-item -->\n\n<!-- wp:list-item -->\n<li>ou simplement vous accorder une attention, rien que pour vous.<br><\/li>\n<!-- \/wp:list-item --><\/ul>\n<!-- \/wp:list -->\n\n<!-- wp:paragraph -->\n<p>Chez Linandelle, chaque produit est pens\u00e9 pour accompagner ces instants pr\u00e9cieux : un linge de maison qui r\u00e9chauffe, rassure et sublime le quotidien, entre <strong>confort<\/strong>, <strong>savoir-faire textile<\/strong> et <strong>\u00e9l\u00e9gance intemporelle<\/strong>.<\/p>\n<!-- \/wp:paragraph -->\n\n<!-- wp:paragraph -->\n<p><strong>Rejoindre la communaut\u00e9 Linandelle<\/strong><\/p>\n<!-- \/wp:paragraph -->\n\n<!-- wp:paragraph -->\n<p>D\u2019autres attentions pourraient bien suivre\u2026 en vous inscrivant \u00e0 notre <strong>newsletter<\/strong>, vous profitez :<\/p>\n<!-- \/wp:paragraph -->\n\n<!-- wp:list -->\n<ul class=\"wp-block-list\"><!-- wp:list-item -->\n<li>d\u2019offres exclusives,<\/li>\n<!-- \/wp:list-item -->\n\n<!-- wp:list-item -->\n<li>d\u2019avant-premi\u00e8res,<\/li>\n<!-- \/wp:list-item -->\n\n<!-- wp:list-item -->\n<li>d\u2019id\u00e9es d\u00e9co et inspirations autour du linge de maison,<\/li>\n<!-- \/wp:list-item -->\n\n<!-- wp:list-item -->\n<li>et de contenus pens\u00e9s pour vous accompagner au fil des saisons.<\/li>\n<!-- \/wp:list-item --><\/ul>\n<!-- \/wp:list -->\n\n<!-- wp:paragraph -->\n<p><strong>[Je m\u2019inscris \u00e0 la newsletter Linandelle]<\/strong><\/p>\n<!-- \/wp:paragraph -->\n\n<!-- wp:heading -->\n<h2 class=\"wp-block-heading\" id=\"h-un-mot-pour-bien-commencer-l-annee\"><strong>Un mot pour bien commencer l\u2019ann\u00e9e<\/strong><\/h2>\n<!-- \/wp:heading -->\n\n<!-- wp:paragraph -->\n<p>Merci de faire partie de l\u2019aventure Linandelle.&nbsp;<\/p>\n<!-- \/wp:paragraph -->\n\n<!-- wp:paragraph -->\n<p>Nous vous souhaitons une ann\u00e9e douce, chaleureuse et remplie de beaux moments partag\u00e9s, \u00e0 la maison comme ailleurs.<\/p>\n<!-- \/wp:paragraph -->\n\n<!-- wp:heading -->\n<h2 class=\"wp-block-heading\" id=\"h-informations-pratiques\"><strong>Informations pratiques<\/strong><\/h2>\n<!-- \/wp:heading -->\n\n<!-- wp:paragraph -->\n<p>Offre valable du <strong>31 d\u00e9cembre au 6 janvier inclus<\/strong>, sur l\u2019ensemble du site linandelle.com, d\u00e8s <strong>19 \u20ac d\u2019achat<\/strong>, dans la limite des stocks disponibles. Offre non cumulable avec d\u2019autres codes promotionnels.<\/p>\n<!-- \/wp:paragraph -->","_et_gb_content_width":"","footnotes":""},"categories":[899,1],"tags":[],"class_list":["post-86911","post","type-post","status-publish","format-standard","has-post-thumbnail","hentry","category-actualites-et-evenements","category-blog-linge-de-maison-linandelle"],"yoast_head":"<!-- This site is optimized with the Yoast SEO Premium plugin v27.5 (Yoast SEO v27.5) - https:\/\/yoast.com\/product\/yoast-seo-premium-wordpress\/ -->\n<title>Vente priv\u00e9e Linandelle 2025 : : une attention exclusive<\/title>\n<meta name=\"description\" content=\"Pour bien commencer la nouvelle ann\u00e9e, Linandelle ouvre ses ventes priv\u00e9es et vous r\u00e9serve une attention toute particuli\u00e8re.\" \/>\n<meta name=\"robots\" content=\"index, follow, max-snippet:-1, max-image-preview:large, max-video-preview:-1\" \/>\n<link rel=\"canonical\" href=\"https:\/\/linandelle.com\/fr\/ventes-privees-linandelle-2025\/\" \/>\n<meta property=\"og:locale\" content=\"fr_FR\" \/>\n<meta property=\"og:type\" content=\"article\" \/>\n<meta property=\"og:title\" content=\"Vente priv\u00e9e Linandelle 2025 : : une attention exclusive\" \/>\n<meta property=\"og:description\" content=\"Pour bien commencer la nouvelle ann\u00e9e, Linandelle ouvre ses ventes priv\u00e9es et vous r\u00e9serve une attention toute particuli\u00e8re.\" \/>\n<meta property=\"og:url\" content=\"https:\/\/linandelle.com\/fr\/ventes-privees-linandelle-2025\/\" \/>\n<meta property=\"og:site_name\" content=\"Linandelle\" \/>\n<meta property=\"article:publisher\" content=\"https:\/\/www.facebook.com\/Linandelle\" \/>\n<meta property=\"article:published_time\" content=\"2025-12-30T22:33:40+00:00\" \/>\n<meta property=\"article:modified_time\" content=\"2025-12-31T08:24:34+00:00\" \/>\n<meta property=\"og:image\" content=\"https:\/\/linandelle.com\/wp-content\/uploads\/2025\/12\/vente-privee-linandelle-2025-blog.png\" \/>\n\t<meta property=\"og:image:width\" content=\"400\" \/>\n\t<meta property=\"og:image:height\" content=\"250\" \/>\n\t<meta property=\"og:image:type\" content=\"image\/png\" \/>\n<meta name=\"author\" content=\"Marie\" \/>\n<meta name=\"twitter:card\" content=\"summary_large_image\" \/>\n<meta name=\"twitter:label1\" content=\"\u00c9crit par\" \/>\n\t<meta name=\"twitter:data1\" content=\"Marie\" \/>\n\t<meta name=\"twitter:label2\" content=\"Dur\u00e9e de lecture estim\u00e9e\" \/>\n\t<meta name=\"twitter:data2\" content=\"3 minutes\" \/>\n<script type=\"application\/ld+json\" class=\"yoast-schema-graph\">{\"@context\":\"https:\\\/\\\/schema.org\",\"@graph\":[{\"@type\":\"Article\",\"@id\":\"https:\\\/\\\/linandelle.com\\\/fr\\\/ventes-privees-linandelle-2025\\\/#article\",\"isPartOf\":{\"@id\":\"https:\\\/\\\/linandelle.com\\\/fr\\\/ventes-privees-linandelle-2025\\\/\"},\"author\":{\"name\":\"Marie\",\"@id\":\"https:\\\/\\\/linandelle.com\\\/fr\\\/#\\\/schema\\\/person\\\/3d5b1bff83fead500b5cd542fa10e97c\"},\"headline\":\"Ventes priv\u00e9es Linandelle : une attention exclusive pour bien commencer l\u2019ann\u00e9e\",\"datePublished\":\"2025-12-30T22:33:40+00:00\",\"dateModified\":\"2025-12-31T08:24:34+00:00\",\"mainEntityOfPage\":{\"@id\":\"https:\\\/\\\/linandelle.com\\\/fr\\\/ventes-privees-linandelle-2025\\\/\"},\"wordCount\":1321,\"publisher\":{\"@id\":\"https:\\\/\\\/linandelle.com\\\/fr\\\/#organization\"},\"image\":{\"@id\":\"https:\\\/\\\/linandelle.com\\\/fr\\\/ventes-privees-linandelle-2025\\\/#primaryimage\"},\"thumbnailUrl\":\"https:\\\/\\\/linandelle.com\\\/wp-content\\\/uploads\\\/2025\\\/12\\\/vente-privee-linandelle-2025-blog.png\",\"articleSection\":[\"Actualit\u00e9s &amp; \u00e9v\u00e9nements\",\"Blog linge de maison Linandelle\"],\"inLanguage\":\"fr-FR\"},{\"@type\":\"WebPage\",\"@id\":\"https:\\\/\\\/linandelle.com\\\/fr\\\/ventes-privees-linandelle-2025\\\/\",\"url\":\"https:\\\/\\\/linandelle.com\\\/fr\\\/ventes-privees-linandelle-2025\\\/\",\"name\":\"Vente priv\u00e9e Linandelle 2025 : : une attention exclusive\",\"isPartOf\":{\"@id\":\"https:\\\/\\\/linandelle.com\\\/fr\\\/#website\"},\"primaryImageOfPage\":{\"@id\":\"https:\\\/\\\/linandelle.com\\\/fr\\\/ventes-privees-linandelle-2025\\\/#primaryimage\"},\"image\":{\"@id\":\"https:\\\/\\\/linandelle.com\\\/fr\\\/ventes-privees-linandelle-2025\\\/#primaryimage\"},\"thumbnailUrl\":\"https:\\\/\\\/linandelle.com\\\/wp-content\\\/uploads\\\/2025\\\/12\\\/vente-privee-linandelle-2025-blog.png\",\"datePublished\":\"2025-12-30T22:33:40+00:00\",\"dateModified\":\"2025-12-31T08:24:34+00:00\",\"description\":\"Pour bien commencer la nouvelle ann\u00e9e, Linandelle ouvre ses ventes priv\u00e9es et vous r\u00e9serve une attention toute particuli\u00e8re.\",\"inLanguage\":\"fr-FR\",\"potentialAction\":[{\"@type\":\"ReadAction\",\"target\":[\"https:\\\/\\\/linandelle.com\\\/fr\\\/ventes-privees-linandelle-2025\\\/\"]}]},{\"@type\":\"ImageObject\",\"inLanguage\":\"fr-FR\",\"@id\":\"https:\\\/\\\/linandelle.com\\\/fr\\\/ventes-privees-linandelle-2025\\\/#primaryimage\",\"url\":\"https:\\\/\\\/linandelle.com\\\/wp-content\\\/uploads\\\/2025\\\/12\\\/vente-privee-linandelle-2025-blog.png\",\"contentUrl\":\"https:\\\/\\\/linandelle.com\\\/wp-content\\\/uploads\\\/2025\\\/12\\\/vente-privee-linandelle-2025-blog.png\",\"width\":400,\"height\":250,\"caption\":\"Vente priv\u00e9e Linandelle\"},{\"@type\":\"WebSite\",\"@id\":\"https:\\\/\\\/linandelle.com\\\/fr\\\/#website\",\"url\":\"https:\\\/\\\/linandelle.com\\\/fr\\\/\",\"name\":\"Linandelle\",\"description\":\"Linandelle, plus que du linge, l&#039;essentiel\",\"publisher\":{\"@id\":\"https:\\\/\\\/linandelle.com\\\/fr\\\/#organization\"},\"potentialAction\":[{\"@type\":\"SearchAction\",\"target\":{\"@type\":\"EntryPoint\",\"urlTemplate\":\"https:\\\/\\\/linandelle.com\\\/fr\\\/?s={search_term_string}\"},\"query-input\":{\"@type\":\"PropertyValueSpecification\",\"valueRequired\":true,\"valueName\":\"search_term_string\"}}],\"inLanguage\":\"fr-FR\"},{\"@type\":\"Organization\",\"@id\":\"https:\\\/\\\/linandelle.com\\\/fr\\\/#organization\",\"name\":\"Linandelle\",\"url\":\"https:\\\/\\\/linandelle.com\\\/fr\\\/\",\"logo\":{\"@type\":\"ImageObject\",\"inLanguage\":\"fr-FR\",\"@id\":\"https:\\\/\\\/linandelle.com\\\/fr\\\/#\\\/schema\\\/logo\\\/image\\\/\",\"url\":\"https:\\\/\\\/linandelle.com\\\/wp-content\\\/uploads\\\/2022\\\/03\\\/logo-linandelle.jpg\",\"contentUrl\":\"https:\\\/\\\/linandelle.com\\\/wp-content\\\/uploads\\\/2022\\\/03\\\/logo-linandelle.jpg\",\"width\":739,\"height\":738,\"caption\":\"Linandelle\"},\"image\":{\"@id\":\"https:\\\/\\\/linandelle.com\\\/fr\\\/#\\\/schema\\\/logo\\\/image\\\/\"},\"sameAs\":[\"https:\\\/\\\/www.facebook.com\\\/Linandelle\",\"https:\\\/\\\/www.instagram.com\\\/linandelle\\\/\",\"https:\\\/\\\/www.linkedin.com\\\/company\\\/18483801\\\/admin\\\/dashboard\\\/\",\"https:\\\/\\\/www.pinterest.fr\\\/linandelle\\\/_created\\\/\",\"https:\\\/\\\/www.youtube.com\\\/@linandellecharleval1016\"],\"email\":\"contact@linandelle.com\",\"telephone\":\"0232687800\",\"legalName\":\"SARL DU PONT DES JARDINS\",\"vatID\":\"FR27448856641\",\"taxID\":\"44885664100015\",\"numberOfEmployees\":{\"@type\":\"QuantitativeValue\",\"minValue\":\"1\",\"maxValue\":\"10\"}},{\"@type\":\"Person\",\"@id\":\"https:\\\/\\\/linandelle.com\\\/fr\\\/#\\\/schema\\\/person\\\/3d5b1bff83fead500b5cd542fa10e97c\",\"name\":\"Marie\"}]}<\/script>\n<!-- \/ Yoast SEO Premium plugin. -->","yoast_head_json":{"title":"Vente priv\u00e9e Linandelle 2025 : : une attention exclusive","description":"Pour bien commencer la nouvelle ann\u00e9e, Linandelle ouvre ses ventes priv\u00e9es et vous r\u00e9serve une attention toute particuli\u00e8re.","robots":{"index":"index","follow":"follow","max-snippet":"max-snippet:-1","max-image-preview":"max-image-preview:large","max-video-preview":"max-video-preview:-1"},"canonical":"https:\/\/linandelle.com\/fr\/ventes-privees-linandelle-2025\/","og_locale":"fr_FR","og_type":"article","og_title":"Vente priv\u00e9e Linandelle 2025 : : une attention exclusive","og_description":"Pour bien commencer la nouvelle ann\u00e9e, Linandelle ouvre ses ventes priv\u00e9es et vous r\u00e9serve une attention toute particuli\u00e8re.","og_url":"https:\/\/linandelle.com\/fr\/ventes-privees-linandelle-2025\/","og_site_name":"Linandelle","article_publisher":"https:\/\/www.facebook.com\/Linandelle","article_published_time":"2025-12-30T22:33:40+00:00","article_modified_time":"2025-12-31T08:24:34+00:00","og_image":[{"width":400,"height":250,"url":"https:\/\/linandelle.com\/wp-content\/uploads\/2025\/12\/vente-privee-linandelle-2025-blog.png","type":"image\/png"}],"author":"Marie","twitter_card":"summary_large_image","twitter_misc":{"\u00c9crit par":"Marie","Dur\u00e9e de lecture estim\u00e9e":"3 minutes"},"schema":{"@context":"https:\/\/schema.org","@graph":[{"@type":"Article","@id":"https:\/\/linandelle.com\/fr\/ventes-privees-linandelle-2025\/#article","isPartOf":{"@id":"https:\/\/linandelle.com\/fr\/ventes-privees-linandelle-2025\/"},"author":{"name":"Marie","@id":"https:\/\/linandelle.com\/fr\/#\/schema\/person\/3d5b1bff83fead500b5cd542fa10e97c"},"headline":"Ventes priv\u00e9es Linandelle : une attention exclusive pour bien commencer l\u2019ann\u00e9e","datePublished":"2025-12-30T22:33:40+00:00","dateModified":"2025-12-31T08:24:34+00:00","mainEntityOfPage":{"@id":"https:\/\/linandelle.com\/fr\/ventes-privees-linandelle-2025\/"},"wordCount":1321,"publisher":{"@id":"https:\/\/linandelle.com\/fr\/#organization"},"image":{"@id":"https:\/\/linandelle.com\/fr\/ventes-privees-linandelle-2025\/#primaryimage"},"thumbnailUrl":"https:\/\/linandelle.com\/wp-content\/uploads\/2025\/12\/vente-privee-linandelle-2025-blog.png","articleSection":["Actualit\u00e9s &amp; \u00e9v\u00e9nements","Blog linge de maison Linandelle"],"inLanguage":"fr-FR"},{"@type":"WebPage","@id":"https:\/\/linandelle.com\/fr\/ventes-privees-linandelle-2025\/","url":"https:\/\/linandelle.com\/fr\/ventes-privees-linandelle-2025\/","name":"Vente priv\u00e9e Linandelle 2025 : : une attention exclusive","isPartOf":{"@id":"https:\/\/linandelle.com\/fr\/#website"},"primaryImageOfPage":{"@id":"https:\/\/linandelle.com\/fr\/ventes-privees-linandelle-2025\/#primaryimage"},"image":{"@id":"https:\/\/linandelle.com\/fr\/ventes-privees-linandelle-2025\/#primaryimage"},"thumbnailUrl":"https:\/\/linandelle.com\/wp-content\/uploads\/2025\/12\/vente-privee-linandelle-2025-blog.png","datePublished":"2025-12-30T22:33:40+00:00","dateModified":"2025-12-31T08:24:34+00:00","description":"Pour bien commencer la nouvelle ann\u00e9e, Linandelle ouvre ses ventes priv\u00e9es et vous r\u00e9serve une attention toute particuli\u00e8re.","inLanguage":"fr-FR","potentialAction":[{"@type":"ReadAction","target":["https:\/\/linandelle.com\/fr\/ventes-privees-linandelle-2025\/"]}]},{"@type":"ImageObject","inLanguage":"fr-FR","@id":"https:\/\/linandelle.com\/fr\/ventes-privees-linandelle-2025\/#primaryimage","url":"https:\/\/linandelle.com\/wp-content\/uploads\/2025\/12\/vente-privee-linandelle-2025-blog.png","contentUrl":"https:\/\/linandelle.com\/wp-content\/uploads\/2025\/12\/vente-privee-linandelle-2025-blog.png","width":400,"height":250,"caption":"Vente priv\u00e9e Linandelle"},{"@type":"WebSite","@id":"https:\/\/linandelle.com\/fr\/#website","url":"https:\/\/linandelle.com\/fr\/","name":"Linandelle","description":"Linandelle, plus que du linge, l&#039;essentiel","publisher":{"@id":"https:\/\/linandelle.com\/fr\/#organization"},"potentialAction":[{"@type":"SearchAction","target":{"@type":"EntryPoint","urlTemplate":"https:\/\/linandelle.com\/fr\/?s={search_term_string}"},"query-input":{"@type":"PropertyValueSpecification","valueRequired":true,"valueName":"search_term_string"}}],"inLanguage":"fr-FR"},{"@type":"Organization","@id":"https:\/\/linandelle.com\/fr\/#organization","name":"Linandelle","url":"https:\/\/linandelle.com\/fr\/","logo":{"@type":"ImageObject","inLanguage":"fr-FR","@id":"https:\/\/linandelle.com\/fr\/#\/schema\/logo\/image\/","url":"https:\/\/linandelle.com\/wp-content\/uploads\/2022\/03\/logo-linandelle.jpg","contentUrl":"https:\/\/linandelle.com\/wp-content\/uploads\/2022\/03\/logo-linandelle.jpg","width":739,"height":738,"caption":"Linandelle"},"image":{"@id":"https:\/\/linandelle.com\/fr\/#\/schema\/logo\/image\/"},"sameAs":["https:\/\/www.facebook.com\/Linandelle","https:\/\/www.instagram.com\/linandelle\/","https:\/\/www.linkedin.com\/company\/18483801\/admin\/dashboard\/","https:\/\/www.pinterest.fr\/linandelle\/_created\/","https:\/\/www.youtube.com\/@linandellecharleval1016"],"email":"contact@linandelle.com","telephone":"0232687800","legalName":"SARL DU PONT DES JARDINS","vatID":"FR27448856641","taxID":"44885664100015","numberOfEmployees":{"@type":"QuantitativeValue","minValue":"1","maxValue":"10"}},{"@type":"Person","@id":"https:\/\/linandelle.com\/fr\/#\/schema\/person\/3d5b1bff83fead500b5cd542fa10e97c","name":"Marie"}]}},"_links":{"self":[{"href":"https:\/\/linandelle.com\/fr\/wp-json\/wp\/v2\/posts\/86911","targetHints":{"allow":["GET"]}}],"collection":[{"href":"https:\/\/linandelle.com\/fr\/wp-json\/wp\/v2\/posts"}],"about":[{"href":"https:\/\/linandelle.com\/fr\/wp-json\/wp\/v2\/types\/post"}],"author":[{"embeddable":true,"href":"https:\/\/linandelle.com\/fr\/wp-json\/wp\/v2\/users\/14757"}],"replies":[{"embeddable":true,"href":"https:\/\/linandelle.com\/fr\/wp-json\/wp\/v2\/comments?post=86911"}],"version-history":[{"count":9,"href":"https:\/\/linandelle.com\/fr\/wp-json\/wp\/v2\/posts\/86911\/revisions"}],"predecessor-version":[{"id":86936,"href":"https:\/\/linandelle.com\/fr\/wp-json\/wp\/v2\/posts\/86911\/revisions\/86936"}],"wp:featuredmedia":[{"embeddable":true,"href":"https:\/\/linandelle.com\/fr\/wp-json\/wp\/v2\/media\/86913"}],"wp:attachment":[{"href":"https:\/\/linandelle.com\/fr\/wp-json\/wp\/v2\/media?parent=86911"}],"wp:term":[{"taxonomy":"category","embeddable":true,"href":"https:\/\/linandelle.com\/fr\/wp-json\/wp\/v2\/categories?post=86911"},{"taxonomy":"post_tag","embeddable":true,"href":"https:\/\/linandelle.com\/fr\/wp-json\/wp\/v2\/tags?post=86911"}],"curies":[{"name":"wp","href":"https:\/\/api.w.org\/{rel}","templated":true}]}}