{"id":86998,"date":"2026-01-06T18:05:00","date_gmt":"2026-01-06T17:05:00","guid":{"rendered":"https:\/\/linandelle.com\/fr\/?p=86998"},"modified":"2026-01-28T00:13:31","modified_gmt":"2026-01-27T23:13:31","slug":"choisir-linge-de-lit-hiver","status":"publish","type":"post","link":"https:\/\/linandelle.com\/fr\/choisir-linge-de-lit-hiver\/","title":{"rendered":"Bien choisir son linge de lit en hiver : le confort dont vous avez vraiment besoin"},"content":{"rendered":"<p>[et_pb_section fb_built=\u00a0\u00bb1&Prime; admin_label=\u00a0\u00bbArticle\u00a0\u00bb _builder_version=\u00a0\u00bb4.27.5&Prime; _module_preset=\u00a0\u00bbdefault\u00a0\u00bb custom_padding=\u00a0\u00bb0px||||false|false\u00a0\u00bb locked=\u00a0\u00bboff\u00a0\u00bb collapsed=\u00a0\u00bbon\u00a0\u00bb global_colors_info=\u00a0\u00bb{}\u00a0\u00bb theme_builder_area=\u00a0\u00bbpost_content\u00a0\u00bb][et_pb_row _builder_version=\u00a0\u00bb4.27.5&Prime; _module_preset=\u00a0\u00bbdefault\u00a0\u00bb global_colors_info=\u00a0\u00bb{}\u00a0\u00bb theme_builder_area=\u00a0\u00bbpost_content\u00a0\u00bb][et_pb_column type=\u00a0\u00bb4_4&Prime; _builder_version=\u00a0\u00bb4.27.5&Prime; _module_preset=\u00a0\u00bbdefault\u00a0\u00bb global_colors_info=\u00a0\u00bb{}\u00a0\u00bb theme_builder_area=\u00a0\u00bbpost_content\u00a0\u00bb][et_pb_text _builder_version=\u00a0\u00bb4.27.5&Prime; _module_preset=\u00a0\u00bbdefault\u00a0\u00bb locked=\u00a0\u00bboff\u00a0\u00bb global_colors_info=\u00a0\u00bb{}\u00a0\u00bb theme_builder_area=\u00a0\u00bbpost_content\u00a0\u00bb]<\/p>\n<p>Apr\u00e8s l\u2019agitation des f\u00eates, l\u2019hiver s\u2019installe pour de bon. Les journ\u00e9es sont plus courtes, les nuits plus fra\u00eeches, et <strong>le lit devient un refuge essentiel<\/strong>. C\u2019est souvent \u00e0 ce moment-l\u00e0 que l\u2019on r\u00e9alise qu\u2019un drap trop fin, une couette mal adapt\u00e9e ou une mati\u00e8re peu agr\u00e9able peuvent vraiment peser sur la qualit\u00e9 du sommeil.<\/p>\n<p>[\/et_pb_text][\/et_pb_column][\/et_pb_row][\/et_pb_section][et_pb_section fb_built=\u00a0\u00bb1&Prime; admin_label=\u00a0\u00bbArticle\u00a0\u00bb _builder_version=\u00a0\u00bb4.27.5&Prime; _module_preset=\u00a0\u00bbdefault\u00a0\u00bb custom_padding=\u00a0\u00bb0px||||false|false\u00a0\u00bb locked=\u00a0\u00bboff\u00a0\u00bb collapsed=\u00a0\u00bbon\u00a0\u00bb global_colors_info=\u00a0\u00bb{}\u00a0\u00bb theme_builder_area=\u00a0\u00bbpost_content\u00a0\u00bb][et_pb_row column_structure=\u00a0\u00bb3_5,2_5&Prime; make_equal=\u00a0\u00bbon\u00a0\u00bb _builder_version=\u00a0\u00bb4.27.5&Prime; _module_preset=\u00a0\u00bbdefault\u00a0\u00bb hover_enabled=\u00a0\u00bb0&Prime; global_colors_info=\u00a0\u00bb{}\u00a0\u00bb theme_builder_area=\u00a0\u00bbpost_content\u00a0\u00bb sticky_enabled=\u00a0\u00bb0&Prime;][et_pb_column type=\u00a0\u00bb3_5&Prime; _builder_version=\u00a0\u00bb4.27.5&Prime; _module_preset=\u00a0\u00bbdefault\u00a0\u00bb custom_padding=\u00a0\u00bb||||false|false\u00a0\u00bb global_colors_info=\u00a0\u00bb{}\u00a0\u00bb theme_builder_area=\u00a0\u00bbpost_content\u00a0\u00bb][et_pb_text _builder_version=\u00a0\u00bb4.27.5&Prime; _module_preset=\u00a0\u00bbdefault\u00a0\u00bb header_2_font=\u00a0\u00bb|||on|||||\u00a0\u00bb header_2_line_height=\u00a0\u00bb1.5em\u00a0\u00bb custom_margin=\u00a0\u00bb||1rem||false|false\u00a0\u00bb locked=\u00a0\u00bboff\u00a0\u00bb global_colors_info=\u00a0\u00bb{}\u00a0\u00bb theme_builder_area=\u00a0\u00bbpost_content\u00a0\u00bb]<\/p>\n<h2><strong>Vous \u00eates frileux ?<\/strong><br \/>Offrez-vous enfin des nuits vraiment chaudes<\/h2>\n<p>[\/et_pb_text][et_pb_text _builder_version=\u00a0\u00bb4.27.5&Prime; _module_preset=\u00a0\u00bbdefault\u00a0\u00bb text_font_size=\u00a0\u00bb1.25em\u00a0\u00bb text_line_height=\u00a0\u00bb1.5em\u00a0\u00bb header_2_font=\u00a0\u00bb|||on|||||\u00a0\u00bb header_2_text_align=\u00a0\u00bbcenter\u00a0\u00bb custom_margin=\u00a0\u00bb||1rem||false|false\u00a0\u00bb locked=\u00a0\u00bboff\u00a0\u00bb global_colors_info=\u00a0\u00bb{}\u00a0\u00bb theme_builder_area=\u00a0\u00bbpost_content\u00a0\u00bb]<\/p>\n<p>Si vous avez tendance \u00e0 avoir froid la nuit, vous le savez : tout commence par la mati\u00e8re.<\/p>\n<p>[\/et_pb_text][et_pb_text _builder_version=\u00a0\u00bb4.27.5&Prime; _module_preset=\u00a0\u00bbdefault\u00a0\u00bb header_2_font=\u00a0\u00bb|||on|||||\u00a0\u00bb header_2_line_height=\u00a0\u00bb1.5em\u00a0\u00bb locked=\u00a0\u00bboff\u00a0\u00bb global_colors_info=\u00a0\u00bb{}\u00a0\u00bb theme_builder_area=\u00a0\u00bbpost_content\u00a0\u00bb]<\/p>\n<p>Le <a href=\"https:\/\/linandelle.com\/fr\/?s=flanelle&amp;post_type=product&amp;dgwt_wcas=1\" title=\"Linge de lit en coton flanelle\"><strong>coton flanelle<\/strong><\/a>, l\u00e9g\u00e8rement gratt\u00e9, est l\u2019un des grands alli\u00e9s de l\u2019hiver. Il retient la chaleur, offre un toucher doux et enveloppant, et procure cette sensation imm\u00e9diate de confort d\u00e8s que l\u2019on se glisse sous les draps. Draps housse, draps plats, parures compl\u00e8tes\u2026 la flanelle transforme litt\u00e9ralement l\u2019exp\u00e9rience du coucher.<\/p>\n<p>Les <a href=\"https:\/\/linandelle.com\/fr\/categorie\/linge-de-lit\/couettes-toutes-saisons\/\"><strong>couettes chaudes ou temp\u00e9r\u00e9es<\/strong><\/a>, qu\u2019elles soient synth\u00e9tiques ou en fibres naturelles, jouent elles aussi un r\u00f4le cl\u00e9. Bien choisies, elles maintiennent une temp\u00e9rature homog\u00e8ne toute la nuit, sans sensation d\u2019humidit\u00e9 ni exc\u00e8s de chaleur.<\/p>\n<p>[\/et_pb_text][et_pb_button button_url=\u00a0\u00bbhttps:\/\/linandelle.com\/fr\/categorie\/linge-de-lit\/\u00a0\u00bb button_text=\u00a0\u00bbD\u00e9couvrir notre linge de lit\u00a0\u00bb button_alignment=\u00a0\u00bbleft\u00a0\u00bb button_alignment_tablet=\u00a0\u00bbleft\u00a0\u00bb button_alignment_phone=\u00a0\u00bbcenter\u00a0\u00bb button_alignment_last_edited=\u00a0\u00bbon|phone\u00a0\u00bb _builder_version=\u00a0\u00bb4.27.5&Prime; _module_preset=\u00a0\u00bbdefault\u00a0\u00bb custom_button=\u00a0\u00bbon\u00a0\u00bb button_text_size=\u00a0\u00bb1rem\u00a0\u00bb button_text_color=\u00a0\u00bb#154741&Prime; button_bg_color=\u00a0\u00bb#FFFFFF\u00a0\u00bb button_border_width=\u00a0\u00bb1px\u00a0\u00bb button_border_color=\u00a0\u00bb#154741&Prime; button_font=\u00a0\u00bb&#8211;et_global_body_font||||on|||#FFFFFF|\u00a0\u00bb button_use_icon=\u00a0\u00bboff\u00a0\u00bb locked=\u00a0\u00bboff\u00a0\u00bb global_colors_info=\u00a0\u00bb{}\u00a0\u00bb button_border_color__hover_enabled=\u00a0\u00bbon|hover\u00a0\u00bb button_border_color__hover=\u00a0\u00bb#4D716C\u00a0\u00bb theme_builder_area=\u00a0\u00bbpost_content\u00a0\u00bb][\/et_pb_button][et_pb_text _builder_version=\u00a0\u00bb4.27.5&Prime; _module_preset=\u00a0\u00bbdefault\u00a0\u00bb text_font_size=\u00a0\u00bb0.8rem\u00a0\u00bb global_colors_info=\u00a0\u00bb{}\u00a0\u00bb theme_builder_area=\u00a0\u00bbpost_content\u00a0\u00bb]<\/p>\n<p>Photo : <a href=\"https:\/\/linandelle.com\/fr\/?s=toudoux&amp;post_type=product&amp;dgwt_wcas=1\">Collection linge de lit Flanelle Toudoux<\/a><\/p>\n<p>[\/et_pb_text][\/et_pb_column][et_pb_column type=\u00a0\u00bb2_5&Prime; _builder_version=\u00a0\u00bb4.27.5&Prime; _module_preset=\u00a0\u00bbdefault\u00a0\u00bb background_image=\u00a0\u00bbhttps:\/\/linandelle.com\/wp-content\/uploads\/2026\/01\/linge-lit-chaut-hiver-linandelle.jpg\u00a0\u00bb custom_padding=\u00a0\u00bb150px||150px||false|false\u00a0\u00bb global_colors_info=\u00a0\u00bb{}\u00a0\u00bb theme_builder_area=\u00a0\u00bbpost_content\u00a0\u00bb][et_pb_divider show_divider=\u00a0\u00bboff\u00a0\u00bb _builder_version=\u00a0\u00bb4.27.5&Prime; _module_preset=\u00a0\u00bbdefault\u00a0\u00bb global_colors_info=\u00a0\u00bb{}\u00a0\u00bb theme_builder_area=\u00a0\u00bbpost_content\u00a0\u00bb][\/et_pb_divider][\/et_pb_column][\/et_pb_row][\/et_pb_section][et_pb_section fb_built=\u00a0\u00bb1&Prime; _builder_version=\u00a0\u00bb4.27.5&Prime; _module_preset=\u00a0\u00bbdefault\u00a0\u00bb custom_padding=\u00a0\u00bb0px||||false|false\u00a0\u00bb collapsed=\u00a0\u00bbon\u00a0\u00bb global_colors_info=\u00a0\u00bb{}\u00a0\u00bb theme_builder_area=\u00a0\u00bbpost_content\u00a0\u00bb][et_pb_row column_structure=\u00a0\u00bb2_5,3_5&Prime; make_equal=\u00a0\u00bbon\u00a0\u00bb _builder_version=\u00a0\u00bb4.27.5&Prime; _module_preset=\u00a0\u00bbdefault\u00a0\u00bb custom_padding=\u00a0\u00bb0px||||false|false\u00a0\u00bb global_colors_info=\u00a0\u00bb{}\u00a0\u00bb theme_builder_area=\u00a0\u00bbpost_content\u00a0\u00bb][et_pb_column type=\u00a0\u00bb2_5&Prime; _builder_version=\u00a0\u00bb4.27.5&Prime; _module_preset=\u00a0\u00bbdefault\u00a0\u00bb background_image=\u00a0\u00bbhttps:\/\/linandelle.com\/wp-content\/uploads\/2025\/11\/prestige-creme-ambiance-carre-v1.jpg\u00a0\u00bb custom_padding=\u00a0\u00bb150px||150px||false|false\u00a0\u00bb global_colors_info=\u00a0\u00bb{}\u00a0\u00bb theme_builder_area=\u00a0\u00bbpost_content\u00a0\u00bb][et_pb_divider show_divider=\u00a0\u00bboff\u00a0\u00bb _builder_version=\u00a0\u00bb4.27.5&Prime; _module_preset=\u00a0\u00bbdefault\u00a0\u00bb global_colors_info=\u00a0\u00bb{}\u00a0\u00bb theme_builder_area=\u00a0\u00bbpost_content\u00a0\u00bb][\/et_pb_divider][\/et_pb_column][et_pb_column type=\u00a0\u00bb3_5&Prime; _builder_version=\u00a0\u00bb4.27.5&Prime; _module_preset=\u00a0\u00bbdefault\u00a0\u00bb custom_padding=\u00a0\u00bb||||false|false\u00a0\u00bb global_colors_info=\u00a0\u00bb{}\u00a0\u00bb theme_builder_area=\u00a0\u00bbpost_content\u00a0\u00bb][et_pb_text _builder_version=\u00a0\u00bb4.27.5&Prime; _module_preset=\u00a0\u00bbdefault\u00a0\u00bb header_2_font=\u00a0\u00bb|||on|||||\u00a0\u00bb header_2_line_height=\u00a0\u00bb1.5em\u00a0\u00bb locked=\u00a0\u00bboff\u00a0\u00bb global_colors_info=\u00a0\u00bb{}\u00a0\u00bb theme_builder_area=\u00a0\u00bbpost_content\u00a0\u00bb]<\/p>\n<h2>Vous aimez le <strong>beau linge<\/strong> ?<br \/>Allier confort et \u00e9l\u00e9gance, m\u00eame en hiver<\/h2>\n<p>Le confort n\u2019exclut pas l\u2019\u00e9l\u00e9gance &#8211; bien au contraire.<\/p>\n<p>Si vous recherchez un linge de lit plus raffin\u00e9, certaines mati\u00e8res se distinguent par leur tenue, leur douceur et leur respirabilit\u00e9. Le <a href=\"https:\/\/linandelle.com\/fr\/produit\/parure-housse-de-couette-100-lin-prestige\/\" title=\"Parure de lit 100% en lin - housse de couette\"><strong>lin<\/strong><\/a>, la <a href=\"https:\/\/linandelle.com\/fr\/produit\/parure-housse-de-couette-percale-reference-desiree\/\" title=\"Parure de lit en percale de coton - housse de couette\"><strong>percale de coton<\/strong><\/a>, le <a href=\"https:\/\/linandelle.com\/fr\/produit\/parure-housse-de-couette-coton-bande-satin-120-fils-mirage\/\" title=\"Parure de lit coton bande satin - Housse de couette\"><strong>coton bande satin<\/strong><\/a> ou encore le <strong><a href=\"https:\/\/linandelle.com\/fr\/produit\/luxe-douceur-housse-de-couette-lyocell-300fils-soie-vegetale-dolcevita\/\" title=\"Housse de couette 100% Lyocell\">lyocell<\/a> <\/strong>offrent un toucher lisse, une sensation de fra\u00eecheur ma\u00eetris\u00e9e et une \u00e9l\u00e9gance discr\u00e8te qui transforme la chambre.<\/p>\n<p>Les parures coordonn\u00e9es, les taies assorties et les finitions soign\u00e9es participent \u00e0 cr\u00e9er une atmosph\u00e8re apaisante, propice au repos. M\u00eame en hiver, le linge de lit peut devenir un v\u00e9ritable <strong>\u00e9l\u00e9ment de bien-\u00eatre et de d\u00e9coration<\/strong>.<\/p>\n<p>[\/et_pb_text][et_pb_button button_url=\u00a0\u00bbhttps:\/\/linandelle.com\/fr\/categorie\/linge-de-lit\/\u00a0\u00bb button_text=\u00a0\u00bbD\u00e9couvrir notre linge de lit\u00a0\u00bb button_alignment=\u00a0\u00bbleft\u00a0\u00bb button_alignment_tablet=\u00a0\u00bbleft\u00a0\u00bb button_alignment_phone=\u00a0\u00bbcenter\u00a0\u00bb button_alignment_last_edited=\u00a0\u00bbon|phone\u00a0\u00bb _builder_version=\u00a0\u00bb4.27.5&Prime; _module_preset=\u00a0\u00bbdefault\u00a0\u00bb custom_button=\u00a0\u00bbon\u00a0\u00bb button_text_size=\u00a0\u00bb1rem\u00a0\u00bb button_text_color=\u00a0\u00bb#154741&Prime; button_bg_color=\u00a0\u00bb#FFFFFF\u00a0\u00bb button_border_width=\u00a0\u00bb1px\u00a0\u00bb button_border_color=\u00a0\u00bb#4D716C\u00a0\u00bb button_font=\u00a0\u00bb&#8211;et_global_body_font||||on|||#FFFFFF|\u00a0\u00bb button_use_icon=\u00a0\u00bboff\u00a0\u00bb locked=\u00a0\u00bboff\u00a0\u00bb global_colors_info=\u00a0\u00bb{}\u00a0\u00bb button_border_color__hover_enabled=\u00a0\u00bbon|desktop\u00a0\u00bb button_border_color__hover=\u00a0\u00bb#4D716C\u00a0\u00bb theme_builder_area=\u00a0\u00bbpost_content\u00a0\u00bb][\/et_pb_button][et_pb_text _builder_version=\u00a0\u00bb4.27.5&Prime; _module_preset=\u00a0\u00bbdefault\u00a0\u00bb text_font_size=\u00a0\u00bb0.8rem\u00a0\u00bb global_colors_info=\u00a0\u00bb{}\u00a0\u00bb theme_builder_area=\u00a0\u00bbpost_content\u00a0\u00bb]<\/p>\n<p>Photo : <a href=\"https:\/\/linandelle.com\/fr\/produit\/parure-housse-de-couette-100-lin-prestige\/\">Parure de lit Housse de Couette Prestige, 100% lin<\/a><\/p>\n<p>[\/et_pb_text][\/et_pb_column][\/et_pb_row][et_pb_row _builder_version=\u00a0\u00bb4.27.5&Prime; _module_preset=\u00a0\u00bbdefault\u00a0\u00bb custom_margin=\u00a0\u00bb||0px||false|false\u00a0\u00bb custom_padding=\u00a0\u00bb||0px||false|false\u00a0\u00bb global_colors_info=\u00a0\u00bb{}\u00a0\u00bb theme_builder_area=\u00a0\u00bbpost_content\u00a0\u00bb][et_pb_column type=\u00a0\u00bb4_4&Prime; _builder_version=\u00a0\u00bb4.27.5&Prime; _module_preset=\u00a0\u00bbdefault\u00a0\u00bb global_colors_info=\u00a0\u00bb{}\u00a0\u00bb theme_builder_area=\u00a0\u00bbpost_content\u00a0\u00bb][et_pb_shop type=\u00a0\u00bbproduct_category\u00a0\u00bb posts_number=\u00a0\u00bb6&Prime; include_categories=\u00a0\u00bb24&Prime; columns_number=\u00a0\u00bb6&Prime; orderby=\u00a0\u00bbprice-desc\u00a0\u00bb _builder_version=\u00a0\u00bb4.27.5&Prime; _module_preset=\u00a0\u00bbdefault\u00a0\u00bb custom_margin=\u00a0\u00bb||0px||false|false\u00a0\u00bb custom_padding=\u00a0\u00bb||0px||false|false\u00a0\u00bb global_colors_info=\u00a0\u00bb{}\u00a0\u00bb theme_builder_area=\u00a0\u00bbpost_content\u00a0\u00bb][\/et_pb_shop][\/et_pb_column][\/et_pb_row][et_pb_row column_structure=\u00a0\u00bb3_5,2_5&Prime; make_equal=\u00a0\u00bbon\u00a0\u00bb _builder_version=\u00a0\u00bb4.27.5&Prime; _module_preset=\u00a0\u00bbdefault\u00a0\u00bb custom_padding=\u00a0\u00bb||2rem||false|false\u00a0\u00bb global_colors_info=\u00a0\u00bb{}\u00a0\u00bb theme_builder_area=\u00a0\u00bbpost_content\u00a0\u00bb][et_pb_column type=\u00a0\u00bb3_5&Prime; _builder_version=\u00a0\u00bb4.27.5&Prime; _module_preset=\u00a0\u00bbdefault\u00a0\u00bb background_enable_image=\u00a0\u00bboff\u00a0\u00bb global_colors_info=\u00a0\u00bb{}\u00a0\u00bb theme_builder_area=\u00a0\u00bbpost_content\u00a0\u00bb][et_pb_text _builder_version=\u00a0\u00bb4.27.5&Prime; _module_preset=\u00a0\u00bbdefault\u00a0\u00bb header_2_font=\u00a0\u00bb|||on|||||\u00a0\u00bb header_2_line_height=\u00a0\u00bb1.5em\u00a0\u00bb locked=\u00a0\u00bboff\u00a0\u00bb global_colors_info=\u00a0\u00bb{}\u00a0\u00bb theme_builder_area=\u00a0\u00bbpost_content\u00a0\u00bb]<\/p>\n<h2><strong>Pour les enfants :<\/strong><br \/>des nuits rassurantes, douces et bien prot\u00e9g\u00e9es<\/h2>\n<p>Quand il s\u2019agit du sommeil des enfants, chaque d\u00e9tail compte.<br \/>Leur peau est plus sensible, leur confort thermique essentiel \u00e0 des nuits paisibles.<\/p>\n<p>Un <strong><a href=\"https:\/\/linandelle.com\/fr\/categorie\/enfants\/drap-housse-jersey-extensible\/\">drap housse<\/a> extensible bien ajust\u00e9<\/strong>, une <strong><a href=\"https:\/\/linandelle.com\/fr\/categorie\/enfants\/proteges-matelas-aleses-bebe\/\" title=\"Al\u00e8se et prot\u00e8ge matelas sp\u00e9cial b\u00e9b\u00e9\">al\u00e8se<\/a> respirante<\/strong>, une <strong><a href=\"https:\/\/linandelle.com\/fr\/categorie\/enfants\/couvertures-plaids-enfants\/\" title=\"Couverture enfant\">couverture<\/a> douce<\/strong> ou un linge facile \u00e0 entretenir permettent de cr\u00e9er un environnement rassurant, sain et confortable. Ces essentiels accompagnent les nuits comme les petits accidents du quotidien, sans jamais sacrifier le confort.<\/p>\n<p>[\/et_pb_text][et_pb_button button_url=\u00a0\u00bbhttps:\/\/linandelle.com\/fr\/categorie\/enfants\/\u00a0\u00bb button_text=\u00a0\u00bbD\u00e9couvrir l&rsquo;univers enfant\u00a0\u00bb button_alignment=\u00a0\u00bbleft\u00a0\u00bb button_alignment_tablet=\u00a0\u00bbleft\u00a0\u00bb button_alignment_phone=\u00a0\u00bbcenter\u00a0\u00bb button_alignment_last_edited=\u00a0\u00bbon|phone\u00a0\u00bb _builder_version=\u00a0\u00bb4.27.5&Prime; _module_preset=\u00a0\u00bbdefault\u00a0\u00bb custom_button=\u00a0\u00bbon\u00a0\u00bb button_text_size=\u00a0\u00bb1rem\u00a0\u00bb button_text_color=\u00a0\u00bb#154741&Prime; button_bg_color=\u00a0\u00bb#FFFFFF\u00a0\u00bb button_border_width=\u00a0\u00bb1px\u00a0\u00bb button_border_color=\u00a0\u00bb#154741&Prime; button_font=\u00a0\u00bb&#8211;et_global_body_font||||on|||#FFFFFF|\u00a0\u00bb button_use_icon=\u00a0\u00bboff\u00a0\u00bb locked=\u00a0\u00bboff\u00a0\u00bb global_colors_info=\u00a0\u00bb{}\u00a0\u00bb button_border_color__hover_enabled=\u00a0\u00bbon|hover\u00a0\u00bb button_border_color__hover=\u00a0\u00bb#4D716C\u00a0\u00bb theme_builder_area=\u00a0\u00bbpost_content\u00a0\u00bb][\/et_pb_button][\/et_pb_column][et_pb_column type=\u00a0\u00bb2_5&Prime; _builder_version=\u00a0\u00bb4.27.5&Prime; _module_preset=\u00a0\u00bbdefault\u00a0\u00bb background_image=\u00a0\u00bbhttps:\/\/linandelle.com\/wp-content\/uploads\/2026\/01\/linge-lit-hiver-enfant-linandelle.jpg\u00a0\u00bb custom_padding=\u00a0\u00bb150px||150px||false|false\u00a0\u00bb global_colors_info=\u00a0\u00bb{}\u00a0\u00bb theme_builder_area=\u00a0\u00bbpost_content\u00a0\u00bb][et_pb_divider show_divider=\u00a0\u00bboff\u00a0\u00bb _builder_version=\u00a0\u00bb4.27.5&Prime; _module_preset=\u00a0\u00bbdefault\u00a0\u00bb global_colors_info=\u00a0\u00bb{}\u00a0\u00bb theme_builder_area=\u00a0\u00bbpost_content\u00a0\u00bb][\/et_pb_divider][\/et_pb_column][\/et_pb_row][et_pb_row make_equal=\u00a0\u00bbon\u00a0\u00bb _builder_version=\u00a0\u00bb4.27.5&Prime; _module_preset=\u00a0\u00bbdefault\u00a0\u00bb custom_padding=\u00a0\u00bb0px||||false|false\u00a0\u00bb global_colors_info=\u00a0\u00bb{}\u00a0\u00bb theme_builder_area=\u00a0\u00bbpost_content\u00a0\u00bb][et_pb_column type=\u00a0\u00bb4_4&Prime; _builder_version=\u00a0\u00bb4.27.5&Prime; _module_preset=\u00a0\u00bbdefault\u00a0\u00bb custom_padding=\u00a0\u00bb||||false|false\u00a0\u00bb global_colors_info=\u00a0\u00bb{}\u00a0\u00bb theme_builder_area=\u00a0\u00bbpost_content\u00a0\u00bb][et_pb_text _builder_version=\u00a0\u00bb4.27.5&Prime; _module_preset=\u00a0\u00bbdefault\u00a0\u00bb header_2_font=\u00a0\u00bb|||on|||||\u00a0\u00bb header_2_line_height=\u00a0\u00bb1.5em\u00a0\u00bb locked=\u00a0\u00bboff\u00a0\u00bb global_colors_info=\u00a0\u00bb{}\u00a0\u00bb theme_builder_area=\u00a0\u00bbpost_content\u00a0\u00bb]<\/p>\n<h2><strong>Prot\u00e9ger sa literie<\/strong>, c\u2019est aussi mieux dormir<\/h2>\n<p>On y pense parfois moins, mais le confort passe aussi par la protection.<\/p>\n<p>Les <strong><a href=\"https:\/\/linandelle.com\/fr\/categorie\/linge-de-lit\/protege-matelas\/\">al\u00e8ses imperm\u00e9ables<\/a> et respirantes<\/strong>, les <a href=\"https:\/\/linandelle.com\/fr\/categorie\/linge-de-lit\/protege-matelas\/\"><strong>prot\u00e8ge-oreillers<\/strong><\/a> et les accessoires de literie prolongent la dur\u00e9e de vie du matelas et contribuent \u00e0 une hygi\u00e8ne irr\u00e9prochable. Invisibles une fois en place, ils apportent une tranquillit\u00e9 d\u2019esprit au quotidien, surtout en hiver o\u00f9 l\u2019on passe plus de temps au lit.<\/p>\n<p>[\/et_pb_text][\/et_pb_column][\/et_pb_row][\/et_pb_section][et_pb_section fb_built=\u00a0\u00bb1&Prime; admin_label=\u00a0\u00bbEncart Soldes\u00a0\u00bb _builder_version=\u00a0\u00bb4.27.5&Prime; _module_preset=\u00a0\u00bbdefault\u00a0\u00bb background_color=\u00a0\u00bbRGBA(255,255,255,0)\u00a0\u00bb custom_margin=\u00a0\u00bb2rem||2rem||false|false\u00a0\u00bb custom_padding=\u00a0\u00bb0px|0px|0px|0px|false|false\u00a0\u00bb locked=\u00a0\u00bboff\u00a0\u00bb collapsed=\u00a0\u00bbon\u00a0\u00bb global_colors_info=\u00a0\u00bb{}\u00a0\u00bb theme_builder_area=\u00a0\u00bbpost_content\u00a0\u00bb][et_pb_row column_structure=\u00a0\u00bb2_5,3_5&Prime; make_equal=\u00a0\u00bbon\u00a0\u00bb _builder_version=\u00a0\u00bb4.27.5&Prime; _module_preset=\u00a0\u00bbdefault\u00a0\u00bb background_color=\u00a0\u00bb#fbf9f6&Prime; module_alignment=\u00a0\u00bbcenter\u00a0\u00bb custom_padding=\u00a0\u00bb0px||0px||false|false\u00a0\u00bb box_shadow_style=\u00a0\u00bbpreset6&Prime; box_shadow_blur=\u00a0\u00bb10px\u00a0\u00bb box_shadow_spread=\u00a0\u00bb-5px\u00a0\u00bb global_colors_info=\u00a0\u00bb{}\u00a0\u00bb theme_builder_area=\u00a0\u00bbpost_content\u00a0\u00bb][et_pb_column type=\u00a0\u00bb2_5&Prime; _builder_version=\u00a0\u00bb4.27.5&Prime; _module_preset=\u00a0\u00bbdefault\u00a0\u00bb background_color=\u00a0\u00bbRGBA(255,255,255,0)\u00a0\u00bb background_image=\u00a0\u00bbhttps:\/\/linandelle.com\/wp-content\/uploads\/2026\/01\/soldes-linge-de-lit-linandelle-20260107.jpg\u00a0\u00bb background_position=\u00a0\u00bbbottom_right\u00a0\u00bb background_horizontal_offset=\u00a0\u00bb10%\u00a0\u00bb background_blend=\u00a0\u00bbsoft-light\u00a0\u00bb custom_padding=\u00a0\u00bb2rem|2rem|2rem|2rem|false|false\u00a0\u00bb global_colors_info=\u00a0\u00bb{}\u00a0\u00bb theme_builder_area=\u00a0\u00bbpost_content\u00a0\u00bb][et_pb_divider show_divider=\u00a0\u00bboff\u00a0\u00bb _builder_version=\u00a0\u00bb4.27.5&Prime; _module_preset=\u00a0\u00bbdefault\u00a0\u00bb global_colors_info=\u00a0\u00bb{}\u00a0\u00bb theme_builder_area=\u00a0\u00bbpost_content\u00a0\u00bb][\/et_pb_divider][\/et_pb_column][et_pb_column type=\u00a0\u00bb3_5&Prime; _builder_version=\u00a0\u00bb4.27.5&Prime; _module_preset=\u00a0\u00bbdefault\u00a0\u00bb custom_padding=\u00a0\u00bb2rem|2rem|2rem|2rem|false|false\u00a0\u00bb global_colors_info=\u00a0\u00bb{}\u00a0\u00bb theme_builder_area=\u00a0\u00bbpost_content\u00a0\u00bb][et_pb_text _builder_version=\u00a0\u00bb4.27.5&Prime; _module_preset=\u00a0\u00bbdefault\u00a0\u00bb header_2_font=\u00a0\u00bb|||on|||||\u00a0\u00bb header_2_line_height=\u00a0\u00bb1.5em\u00a0\u00bb custom_margin=\u00a0\u00bb0px||||false|false\u00a0\u00bb global_colors_info=\u00a0\u00bb{}\u00a0\u00bb theme_builder_area=\u00a0\u00bbpost_content\u00a0\u00bb]<\/p>\n<h2>Les <strong>soldes d\u2019hiver<\/strong> : le bon moment pour am\u00e9liorer vos nuits<\/h2>\n<p>Changer son linge de lit n\u2019est pas un achat anodin : c\u2019est un investissement dans votre confort quotidien, votre sommeil et votre bien-\u00eatre.<\/p>\n<p>Les soldes d\u2019hiver Linandelle sont l\u2019occasion de :<\/p>\n<ul>\n<li aria-level=\"1\">choisir des mati\u00e8res adapt\u00e9es \u00e0 la saison,<\/li>\n<li aria-level=\"1\">am\u00e9liorer le confort de toute la famille,<\/li>\n<li aria-level=\"1\">renouveler ou compl\u00e9ter son linge de lit,<\/li>\n<li aria-level=\"1\">et pr\u00e9parer sereinement les mois froids \u00e0 venir.<\/li>\n<\/ul>\n<p><strong>D\u00e9couvrez d\u00e8s maintenant l\u2019ensemble des articles en promotion et composez votre cocon d\u2019hiver \u00e0 votre rythme.<\/strong><\/p>\n<p>[\/et_pb_text][et_pb_button button_url=\u00a0\u00bbhttps:\/\/linandelle.com\/fr\/promo-linandelle\/\u00a0\u00bb button_text=\u00a0\u00bbD\u00e9couvrir les articles en soldes\u00a0\u00bb button_alignment=\u00a0\u00bbleft\u00a0\u00bb button_alignment_tablet=\u00a0\u00bbleft\u00a0\u00bb button_alignment_phone=\u00a0\u00bbcenter\u00a0\u00bb button_alignment_last_edited=\u00a0\u00bbon|phone\u00a0\u00bb _builder_version=\u00a0\u00bb4.27.5&Prime; _module_preset=\u00a0\u00bbdefault\u00a0\u00bb custom_button=\u00a0\u00bbon\u00a0\u00bb button_text_size=\u00a0\u00bb1.25rem\u00a0\u00bb button_font=\u00a0\u00bb&#8211;et_global_body_font|300|||on|||#154741|\u00a0\u00bb button_use_icon=\u00a0\u00bboff\u00a0\u00bb locked=\u00a0\u00bboff\u00a0\u00bb global_colors_info=\u00a0\u00bb{}\u00a0\u00bb theme_builder_area=\u00a0\u00bbpost_content\u00a0\u00bb][\/et_pb_button][\/et_pb_column][\/et_pb_row][et_pb_row _builder_version=\u00a0\u00bb4.27.5&Prime; _module_preset=\u00a0\u00bbdefault\u00a0\u00bb background_color=\u00a0\u00bbRGBA(255,255,255,0)\u00a0\u00bb global_colors_info=\u00a0\u00bb{}\u00a0\u00bb theme_builder_area=\u00a0\u00bbpost_content\u00a0\u00bb][et_pb_column type=\u00a0\u00bb4_4&Prime; _builder_version=\u00a0\u00bb4.27.5&Prime; _module_preset=\u00a0\u00bbdefault\u00a0\u00bb global_colors_info=\u00a0\u00bb{}\u00a0\u00bb theme_builder_area=\u00a0\u00bbpost_content\u00a0\u00bb][et_pb_text _builder_version=\u00a0\u00bb4.27.5&Prime; _module_preset=\u00a0\u00bbdefault\u00a0\u00bb text_font=\u00a0\u00bb||on||||||\u00a0\u00bb text_orientation=\u00a0\u00bbcenter\u00a0\u00bb global_colors_info=\u00a0\u00bb{}\u00a0\u00bb theme_builder_area=\u00a0\u00bbpost_content\u00a0\u00bb]<\/p>\n<p><span style=\"font-weight: 400;\">Soldes valables du <\/span><b>7 janvier au 3 f\u00e9vrier 2026 inclus<\/b><span style=\"font-weight: 400;\">\u00a0sur une s\u00e9lection de produits, dans la limite des stocks disponibles.<\/span><\/p>\n<p>[\/et_pb_text][\/et_pb_column][\/et_pb_row][\/et_pb_section][et_pb_section fb_built=\u00a0\u00bb1&Prime; admin_label=\u00a0\u00bbCat\u00e9gorie phare\u00a0\u00bb _builder_version=\u00a0\u00bb4.27.5&Prime; _module_preset=\u00a0\u00bbdefault\u00a0\u00bb custom_margin=\u00a0\u00bb2rem||||false|false\u00a0\u00bb custom_padding=\u00a0\u00bb0px||0px||false|false\u00a0\u00bb collapsed=\u00a0\u00bbon\u00a0\u00bb global_colors_info=\u00a0\u00bb{}\u00a0\u00bb theme_builder_area=\u00a0\u00bbpost_content\u00a0\u00bb][et_pb_row make_equal=\u00a0\u00bbon\u00a0\u00bb _builder_version=\u00a0\u00bb4.27.5&Prime; _module_preset=\u00a0\u00bbdefault\u00a0\u00bb custom_padding=\u00a0\u00bb0px||0px||false|false\u00a0\u00bb global_colors_info=\u00a0\u00bb{}\u00a0\u00bb theme_builder_area=\u00a0\u00bbpost_content\u00a0\u00bb][et_pb_column type=\u00a0\u00bb4_4&Prime; _builder_version=\u00a0\u00bb4.27.5&Prime; _module_preset=\u00a0\u00bbdefault\u00a0\u00bb custom_padding=\u00a0\u00bb||||false|false\u00a0\u00bb global_colors_info=\u00a0\u00bb{}\u00a0\u00bb theme_builder_area=\u00a0\u00bbpost_content\u00a0\u00bb][et_pb_text _builder_version=\u00a0\u00bb4.27.5&Prime; _module_preset=\u00a0\u00bbdefault\u00a0\u00bb header_2_font=\u00a0\u00bb|||on|||||\u00a0\u00bb header_2_line_height=\u00a0\u00bb1.5em\u00a0\u00bb custom_margin=\u00a0\u00bb||0px||false|false\u00a0\u00bb custom_padding=\u00a0\u00bb||0px||false|false\u00a0\u00bb locked=\u00a0\u00bboff\u00a0\u00bb global_colors_info=\u00a0\u00bb{}\u00a0\u00bb theme_builder_area=\u00a0\u00bbpost_content\u00a0\u00bb]<\/p>\n<h2>D\u00e9couvrez nos <strong>produits phares en linge de lit<\/strong><\/h2>\n<p>Selon vos besoins, certaines cat\u00e9gories de linge de lit seront plus adapt\u00e9es que d\u2019autres. Pour vous aider \u00e0 faire le bon choix, retrouvez ci-dessous les essentiels \u00e0 explorer.<\/p>\n<p>[\/et_pb_text][\/et_pb_column][\/et_pb_row][et_pb_row make_equal=\u00a0\u00bbon\u00a0\u00bb _builder_version=\u00a0\u00bb4.27.5&Prime; _module_preset=\u00a0\u00bbdefault\u00a0\u00bb custom_margin=\u00a0\u00bb||0px||false|false\u00a0\u00bb custom_padding=\u00a0\u00bb||0px||false|false\u00a0\u00bb custom_css_free_form=\u00a0\u00bbselector .et_pb_column{display:flex; flex-direction:row; justify-content:space-between; flex-wrap:nowrap; gap:2rem;}||selector .et_pb_column .et_pb_module{padding:0;}||||@media (max-width:980px){||  selector .et_pb_column{flex-wrap:wrap;}||  selector .et_pb_column .et_pb_module{flex: 1 1 30%;}||}\u00a0\u00bb global_colors_info=\u00a0\u00bb{}\u00a0\u00bb theme_builder_area=\u00a0\u00bbpost_content\u00a0\u00bb][et_pb_column type=\u00a0\u00bb4_4&Prime; _builder_version=\u00a0\u00bb4.27.5&Prime; _module_preset=\u00a0\u00bbdefault\u00a0\u00bb custom_padding=\u00a0\u00bb||0px||false|false\u00a0\u00bb global_colors_info=\u00a0\u00bb{}\u00a0\u00bb theme_builder_area=\u00a0\u00bbpost_content\u00a0\u00bb][et_pb_cta admin_label=\u00a0\u00bbPeignoir\u00a0\u00bb _builder_version=\u00a0\u00bb4.27.5&Prime; _module_preset=\u00a0\u00bbdefault\u00a0\u00bb body_font=\u00a0\u00bb|||on|||||\u00a0\u00bb background_color=\u00a0\u00bbRGBA(255,255,255,0)\u00a0\u00bb custom_button=\u00a0\u00bbon\u00a0\u00bb button_text_size=\u00a0\u00bb1rem\u00a0\u00bb button_text_color=\u00a0\u00bb#FFFFFF\u00a0\u00bb button_bg_color=\u00a0\u00bbRGBA(255,255,255,0)\u00a0\u00bb button_border_width=\u00a0\u00bb0px\u00a0\u00bb button_border_color=\u00a0\u00bbRGBA(255,255,255,0)\u00a0\u00bb button_border_radius=\u00a0\u00bb20px\u00a0\u00bb button_use_icon=\u00a0\u00bboff\u00a0\u00bb background_layout=\u00a0\u00bblight\u00a0\u00bb link_option_url=\u00a0\u00bbhttps:\/\/linandelle.com\/fr\/categorie\/linge-de-lit\/parures-de-lit\/\u00a0\u00bb global_colors_info=\u00a0\u00bb{}\u00a0\u00bb theme_builder_area=\u00a0\u00bbpost_content\u00a0\u00bb]<\/p>\n<p><img loading=\"lazy\" decoding=\"async\" src=\"https:\/\/linandelle.com\/wp-content\/uploads\/2026\/01\/parure-copie.jpg\" width=\"154\" height=\"121\" alt=\"Parure de lit Linandelle\" class=\"wp-image-87055 alignnone size-full\" srcset=\"https:\/\/linandelle.com\/wp-content\/uploads\/2026\/01\/parure-copie.jpg 154w, https:\/\/linandelle.com\/wp-content\/uploads\/2026\/01\/parure-copie-64x50.jpg 64w\" sizes=\"(max-width: 154px) 100vw, 154px\" \/><\/p>\n<p>Parure de lit<\/p>\n<p>[\/et_pb_cta][et_pb_cta admin_label=\u00a0\u00bbPeignoir\u00a0\u00bb _builder_version=\u00a0\u00bb4.27.5&Prime; _module_preset=\u00a0\u00bbdefault\u00a0\u00bb body_font=\u00a0\u00bb|||on|||||\u00a0\u00bb background_color=\u00a0\u00bbRGBA(255,255,255,0)\u00a0\u00bb custom_button=\u00a0\u00bbon\u00a0\u00bb button_text_size=\u00a0\u00bb1rem\u00a0\u00bb button_text_color=\u00a0\u00bb#FFFFFF\u00a0\u00bb button_bg_color=\u00a0\u00bbRGBA(255,255,255,0)\u00a0\u00bb button_border_width=\u00a0\u00bb0px\u00a0\u00bb button_border_color=\u00a0\u00bbRGBA(255,255,255,0)\u00a0\u00bb button_border_radius=\u00a0\u00bb20px\u00a0\u00bb button_use_icon=\u00a0\u00bboff\u00a0\u00bb background_layout=\u00a0\u00bblight\u00a0\u00bb link_option_url=\u00a0\u00bbhttps:\/\/linandelle.com\/fr\/categorie\/linge-de-lit\/housses-de-couettes-unies\/\u00a0\u00bb global_colors_info=\u00a0\u00bb{}\u00a0\u00bb theme_builder_area=\u00a0\u00bbpost_content\u00a0\u00bb]<\/p>\n<p><img loading=\"lazy\" decoding=\"async\" src=\"https:\/\/linandelle.com\/wp-content\/uploads\/2026\/01\/housse-de-couette-copie.jpg\" width=\"154\" height=\"121\" alt=\"Housse de couette Linandelle\" class=\"wp-image-87056 alignnone size-full\" srcset=\"https:\/\/linandelle.com\/wp-content\/uploads\/2026\/01\/housse-de-couette-copie.jpg 154w, https:\/\/linandelle.com\/wp-content\/uploads\/2026\/01\/housse-de-couette-copie-64x50.jpg 64w\" sizes=\"(max-width: 154px) 100vw, 154px\" \/><\/p>\n<p>Housse de couette<\/p>\n<p>[\/et_pb_cta][et_pb_cta admin_label=\u00a0\u00bbPeignoir\u00a0\u00bb _builder_version=\u00a0\u00bb4.27.5&Prime; _module_preset=\u00a0\u00bbdefault\u00a0\u00bb body_font=\u00a0\u00bb|||on|||||\u00a0\u00bb background_color=\u00a0\u00bbRGBA(255,255,255,0)\u00a0\u00bb custom_button=\u00a0\u00bbon\u00a0\u00bb button_text_size=\u00a0\u00bb1rem\u00a0\u00bb button_text_color=\u00a0\u00bb#FFFFFF\u00a0\u00bb button_bg_color=\u00a0\u00bbRGBA(255,255,255,0)\u00a0\u00bb button_border_width=\u00a0\u00bb0px\u00a0\u00bb button_border_color=\u00a0\u00bbRGBA(255,255,255,0)\u00a0\u00bb button_border_radius=\u00a0\u00bb20px\u00a0\u00bb button_use_icon=\u00a0\u00bboff\u00a0\u00bb background_layout=\u00a0\u00bblight\u00a0\u00bb link_option_url=\u00a0\u00bbhttps:\/\/linandelle.com\/fr\/categorie\/linge-de-lit\/housses-de-couettes-unies\/\u00a0\u00bb global_colors_info=\u00a0\u00bb{}\u00a0\u00bb theme_builder_area=\u00a0\u00bbpost_content\u00a0\u00bb]<\/p>\n<p><img loading=\"lazy\" decoding=\"async\" src=\"https:\/\/linandelle.com\/wp-content\/uploads\/2026\/01\/taie-oreiller-copie.jpg\" width=\"154\" height=\"121\" alt=\"Taie d'oreiller Linandelle\" class=\"wp-image-87057 alignnone size-full\" srcset=\"https:\/\/linandelle.com\/wp-content\/uploads\/2026\/01\/taie-oreiller-copie.jpg 154w, https:\/\/linandelle.com\/wp-content\/uploads\/2026\/01\/taie-oreiller-copie-64x50.jpg 64w\" sizes=\"(max-width: 154px) 100vw, 154px\" \/><\/p>\n<p>Taie d&rsquo;oreiller<\/p>\n<p>[\/et_pb_cta][et_pb_cta admin_label=\u00a0\u00bbPeignoir\u00a0\u00bb _builder_version=\u00a0\u00bb4.27.5&Prime; _module_preset=\u00a0\u00bbdefault\u00a0\u00bb body_font=\u00a0\u00bb|||on|||||\u00a0\u00bb background_color=\u00a0\u00bbRGBA(255,255,255,0)\u00a0\u00bb custom_button=\u00a0\u00bbon\u00a0\u00bb button_text_size=\u00a0\u00bb1rem\u00a0\u00bb button_text_color=\u00a0\u00bb#FFFFFF\u00a0\u00bb button_bg_color=\u00a0\u00bbRGBA(255,255,255,0)\u00a0\u00bb button_border_width=\u00a0\u00bb0px\u00a0\u00bb button_border_color=\u00a0\u00bbRGBA(255,255,255,0)\u00a0\u00bb button_border_radius=\u00a0\u00bb20px\u00a0\u00bb button_use_icon=\u00a0\u00bboff\u00a0\u00bb background_layout=\u00a0\u00bblight\u00a0\u00bb link_option_url=\u00a0\u00bbhttps:\/\/linandelle.com\/fr\/categorie\/linge-de-lit\/drap-housse\/\u00a0\u00bb global_colors_info=\u00a0\u00bb{}\u00a0\u00bb theme_builder_area=\u00a0\u00bbpost_content\u00a0\u00bb]<\/p>\n<p><img loading=\"lazy\" decoding=\"async\" src=\"https:\/\/linandelle.com\/wp-content\/uploads\/2026\/01\/drap-housse-copie.jpg\" width=\"154\" height=\"121\" alt=\"Drap housse Linandelle\" class=\"wp-image-87058 alignnone size-full\" srcset=\"https:\/\/linandelle.com\/wp-content\/uploads\/2026\/01\/drap-housse-copie.jpg 154w, https:\/\/linandelle.com\/wp-content\/uploads\/2026\/01\/drap-housse-copie-64x50.jpg 64w\" sizes=\"(max-width: 154px) 100vw, 154px\" \/><\/p>\n<p>Drap housse<\/p>\n<p>[\/et_pb_cta][et_pb_cta admin_label=\u00a0\u00bbPeignoir\u00a0\u00bb _builder_version=\u00a0\u00bb4.27.5&Prime; _module_preset=\u00a0\u00bbdefault\u00a0\u00bb body_font=\u00a0\u00bb|||on|||||\u00a0\u00bb background_color=\u00a0\u00bbRGBA(255,255,255,0)\u00a0\u00bb custom_button=\u00a0\u00bbon\u00a0\u00bb button_text_size=\u00a0\u00bb1rem\u00a0\u00bb button_text_color=\u00a0\u00bb#FFFFFF\u00a0\u00bb button_bg_color=\u00a0\u00bbRGBA(255,255,255,0)\u00a0\u00bb button_border_width=\u00a0\u00bb0px\u00a0\u00bb button_border_color=\u00a0\u00bbRGBA(255,255,255,0)\u00a0\u00bb button_border_radius=\u00a0\u00bb20px\u00a0\u00bb button_use_icon=\u00a0\u00bboff\u00a0\u00bb background_layout=\u00a0\u00bblight\u00a0\u00bb link_option_url=\u00a0\u00bbhttps:\/\/linandelle.com\/fr\/categorie\/linge-de-lit\/drap-plat-uni\/\u00a0\u00bb global_colors_info=\u00a0\u00bb{}\u00a0\u00bb theme_builder_area=\u00a0\u00bbpost_content\u00a0\u00bb]<\/p>\n<p><img loading=\"lazy\" decoding=\"async\" src=\"https:\/\/linandelle.com\/wp-content\/uploads\/2026\/01\/drap-plat-copie.jpg\" width=\"154\" height=\"121\" alt=\"Drap plat Linandelle\" class=\"wp-image-87059 alignnone size-full\" srcset=\"https:\/\/linandelle.com\/wp-content\/uploads\/2026\/01\/drap-plat-copie.jpg 154w, https:\/\/linandelle.com\/wp-content\/uploads\/2026\/01\/drap-plat-copie-64x50.jpg 64w\" sizes=\"(max-width: 154px) 100vw, 154px\" \/><\/p>\n<p>Drap plat<\/p>\n<p>[\/et_pb_cta][et_pb_cta admin_label=\u00a0\u00bbPeignoir\u00a0\u00bb _builder_version=\u00a0\u00bb4.27.5&Prime; _module_preset=\u00a0\u00bbdefault\u00a0\u00bb body_font=\u00a0\u00bb|||on|||||\u00a0\u00bb background_color=\u00a0\u00bbRGBA(255,255,255,0)\u00a0\u00bb custom_button=\u00a0\u00bbon\u00a0\u00bb button_text_size=\u00a0\u00bb1rem\u00a0\u00bb button_text_color=\u00a0\u00bb#FFFFFF\u00a0\u00bb button_bg_color=\u00a0\u00bbRGBA(255,255,255,0)\u00a0\u00bb button_border_width=\u00a0\u00bb0px\u00a0\u00bb button_border_color=\u00a0\u00bbRGBA(255,255,255,0)\u00a0\u00bb button_border_radius=\u00a0\u00bb20px\u00a0\u00bb button_use_icon=\u00a0\u00bboff\u00a0\u00bb background_layout=\u00a0\u00bblight\u00a0\u00bb link_option_url=\u00a0\u00bbhttps:\/\/linandelle.com\/fr\/categorie\/linge-de-lit\/protege-matelas\/\u00a0\u00bb global_colors_info=\u00a0\u00bb{}\u00a0\u00bb theme_builder_area=\u00a0\u00bbpost_content\u00a0\u00bb]<\/p>\n<p><img loading=\"lazy\" decoding=\"async\" src=\"https:\/\/linandelle.com\/wp-content\/uploads\/2026\/01\/protege-matelas-copie.jpg\" width=\"154\" height=\"121\" alt=\"Prot\u00e8ge matelas Linandelle\" class=\"wp-image-87060 alignnone size-full\" srcset=\"https:\/\/linandelle.com\/wp-content\/uploads\/2026\/01\/protege-matelas-copie.jpg 154w, https:\/\/linandelle.com\/wp-content\/uploads\/2026\/01\/protege-matelas-copie-64x50.jpg 64w\" sizes=\"(max-width: 154px) 100vw, 154px\" \/><\/p>\n<p>Prot\u00e8ge matelas<\/p>\n<p>[\/et_pb_cta][et_pb_cta admin_label=\u00a0\u00bbPeignoir\u00a0\u00bb _builder_version=\u00a0\u00bb4.27.5&Prime; _module_preset=\u00a0\u00bbdefault\u00a0\u00bb body_font=\u00a0\u00bb|||on|||||\u00a0\u00bb background_color=\u00a0\u00bbRGBA(255,255,255,0)\u00a0\u00bb custom_button=\u00a0\u00bbon\u00a0\u00bb button_text_size=\u00a0\u00bb1rem\u00a0\u00bb button_text_color=\u00a0\u00bb#FFFFFF\u00a0\u00bb button_bg_color=\u00a0\u00bbRGBA(255,255,255,0)\u00a0\u00bb button_border_width=\u00a0\u00bb0px\u00a0\u00bb button_border_color=\u00a0\u00bbRGBA(255,255,255,0)\u00a0\u00bb button_border_radius=\u00a0\u00bb20px\u00a0\u00bb button_use_icon=\u00a0\u00bboff\u00a0\u00bb background_layout=\u00a0\u00bblight\u00a0\u00bb link_option_url=\u00a0\u00bbhttps:\/\/linandelle.com\/fr\/categorie\/linge-de-lit\/couettes-toutes-saisons\/\u00a0\u00bb global_colors_info=\u00a0\u00bb{}\u00a0\u00bb theme_builder_area=\u00a0\u00bbpost_content\u00a0\u00bb]<\/p>\n<p><img loading=\"lazy\" decoding=\"async\" src=\"https:\/\/linandelle.com\/wp-content\/uploads\/2026\/01\/couette-copie.jpg\" width=\"154\" height=\"121\" alt=\"Couette Linandelle\" class=\"wp-image-87061 alignnone size-full\" srcset=\"https:\/\/linandelle.com\/wp-content\/uploads\/2026\/01\/couette-copie.jpg 154w, https:\/\/linandelle.com\/wp-content\/uploads\/2026\/01\/couette-copie-64x50.jpg 64w\" sizes=\"(max-width: 154px) 100vw, 154px\" \/><\/p>\n<p>Couette<\/p>\n<p>[\/et_pb_cta][et_pb_cta admin_label=\u00a0\u00bbPeignoir\u00a0\u00bb _builder_version=\u00a0\u00bb4.27.5&Prime; _module_preset=\u00a0\u00bbdefault\u00a0\u00bb body_font=\u00a0\u00bb|||on|||||\u00a0\u00bb background_color=\u00a0\u00bbRGBA(255,255,255,0)\u00a0\u00bb custom_button=\u00a0\u00bbon\u00a0\u00bb button_text_size=\u00a0\u00bb1rem\u00a0\u00bb button_text_color=\u00a0\u00bb#FFFFFF\u00a0\u00bb button_bg_color=\u00a0\u00bbRGBA(255,255,255,0)\u00a0\u00bb button_border_width=\u00a0\u00bb0px\u00a0\u00bb button_border_color=\u00a0\u00bbRGBA(255,255,255,0)\u00a0\u00bb button_border_radius=\u00a0\u00bb20px\u00a0\u00bb button_use_icon=\u00a0\u00bboff\u00a0\u00bb background_layout=\u00a0\u00bblight\u00a0\u00bb link_option_url=\u00a0\u00bbhttps:\/\/linandelle.com\/fr\/categorie\/linge-de-lit\/oreillers-et-traversins-linge-de-lit\/\u00a0\u00bb global_colors_info=\u00a0\u00bb{}\u00a0\u00bb theme_builder_area=\u00a0\u00bbpost_content\u00a0\u00bb]<\/p>\n<p><img loading=\"lazy\" decoding=\"async\" src=\"https:\/\/linandelle.com\/wp-content\/uploads\/2026\/01\/oreiller-copie.jpg\" width=\"154\" height=\"121\" alt=\"Oreiller Linandelle\" class=\"wp-image-87062 alignnone size-full\" srcset=\"https:\/\/linandelle.com\/wp-content\/uploads\/2026\/01\/oreiller-copie.jpg 154w, https:\/\/linandelle.com\/wp-content\/uploads\/2026\/01\/oreiller-copie-64x50.jpg 64w\" sizes=\"(max-width: 154px) 100vw, 154px\" \/><\/p>\n<p>Oreiller<\/p>\n<p>[\/et_pb_cta][\/et_pb_column][\/et_pb_row][\/et_pb_section][et_pb_section fb_built=\u00a0\u00bb1&Prime; inner_shadow=\u00a0\u00bbon\u00a0\u00bb admin_label=\u00a0\u00bbBien choisir son linge\u00a0\u00bb _builder_version=\u00a0\u00bb4.27.5&Prime; _module_preset=\u00a0\u00bbdefault\u00a0\u00bb background_color=\u00a0\u00bbRGBA(255,255,255,0)\u00a0\u00bb custom_padding=\u00a0\u00bb0px|0px|0px|0px|false|false\u00a0\u00bb locked=\u00a0\u00bboff\u00a0\u00bb global_colors_info=\u00a0\u00bb{}\u00a0\u00bb theme_builder_area=\u00a0\u00bbpost_content\u00a0\u00bb][et_pb_row make_equal=\u00a0\u00bbon\u00a0\u00bb _builder_version=\u00a0\u00bb4.27.5&Prime; _module_preset=\u00a0\u00bbdefault\u00a0\u00bb background_color=\u00a0\u00bb#fbf9f6&Prime; module_alignment=\u00a0\u00bbcenter\u00a0\u00bb custom_padding=\u00a0\u00bb0px||0px||false|false\u00a0\u00bb box_shadow_style=\u00a0\u00bbpreset6&Prime; box_shadow_blur=\u00a0\u00bb10px\u00a0\u00bb box_shadow_spread=\u00a0\u00bb-5px\u00a0\u00bb global_colors_info=\u00a0\u00bb{}\u00a0\u00bb theme_builder_area=\u00a0\u00bbpost_content\u00a0\u00bb][et_pb_column type=\u00a0\u00bb4_4&Prime; _builder_version=\u00a0\u00bb4.27.5&Prime; _module_preset=\u00a0\u00bbdefault\u00a0\u00bb background_color=\u00a0\u00bbRGBA(255,255,255,0)\u00a0\u00bb background_enable_image=\u00a0\u00bboff\u00a0\u00bb background_position=\u00a0\u00bbbottom_right\u00a0\u00bb background_horizontal_offset=\u00a0\u00bb10%\u00a0\u00bb background_blend=\u00a0\u00bbsoft-light\u00a0\u00bb custom_padding=\u00a0\u00bb2rem|2rem|2rem|2rem|false|false\u00a0\u00bb global_colors_info=\u00a0\u00bb{}\u00a0\u00bb theme_builder_area=\u00a0\u00bbpost_content\u00a0\u00bb][et_pb_text _builder_version=\u00a0\u00bb4.27.5&Prime; _module_preset=\u00a0\u00bbdefault\u00a0\u00bb header_2_font=\u00a0\u00bb|||on|||||\u00a0\u00bb header_2_text_align=\u00a0\u00bbcenter\u00a0\u00bb header_2_line_height=\u00a0\u00bb1.5em\u00a0\u00bb text_orientation=\u00a0\u00bbcenter\u00a0\u00bb custom_margin=\u00a0\u00bb0px||||false|false\u00a0\u00bb global_colors_info=\u00a0\u00bb{}\u00a0\u00bb theme_builder_area=\u00a0\u00bbpost_content\u00a0\u00bb]<\/p>\n<h2>Prendre soin de soi passe aussi par les <strong>rituels du bain<\/strong><\/h2>\n<p data-start=\"457\" data-end=\"737\">Bien dormir est essentiel en hiver, mais le bien-\u00eatre ne s\u2019arr\u00eate pas au lever. Peignoirs r\u00e9confortants, serviettes \u00e9paisses, draps de bain enveloppants\u2026 d\u00e9couvrez notre s\u00e9lection de linge de bain pour prolonger la douceur de l\u2019hiver.<\/p>\n<p>[\/et_pb_text][et_pb_button button_url=\u00a0\u00bbhttps:\/\/linandelle.com\/fr\/soldes-linge-bain-hiver-linandelle\/\u00a0\u00bb button_text=\u00a0\u00bbD\u00e9couvrir le linge de bain sp\u00e9cial hiver\u00a0\u00bb button_alignment=\u00a0\u00bbcenter\u00a0\u00bb button_alignment_tablet=\u00a0\u00bbleft\u00a0\u00bb button_alignment_phone=\u00a0\u00bbcenter\u00a0\u00bb button_alignment_last_edited=\u00a0\u00bbon|phone\u00a0\u00bb _builder_version=\u00a0\u00bb4.27.5&Prime; _module_preset=\u00a0\u00bbdefault\u00a0\u00bb custom_button=\u00a0\u00bbon\u00a0\u00bb button_text_size=\u00a0\u00bb1.25rem\u00a0\u00bb button_font=\u00a0\u00bb&#8211;et_global_body_font|300|||on|||#154741|\u00a0\u00bb button_use_icon=\u00a0\u00bboff\u00a0\u00bb locked=\u00a0\u00bboff\u00a0\u00bb global_colors_info=\u00a0\u00bb{}\u00a0\u00bb theme_builder_area=\u00a0\u00bbpost_content\u00a0\u00bb][\/et_pb_button][\/et_pb_column][\/et_pb_row][\/et_pb_section][et_pb_section fb_built=\u00a0\u00bb1&Prime; inner_shadow=\u00a0\u00bbon\u00a0\u00bb admin_label=\u00a0\u00bbInscription newsletter\u00a0\u00bb _builder_version=\u00a0\u00bb4.27.5&Prime; _module_preset=\u00a0\u00bbdefault\u00a0\u00bb background_color=\u00a0\u00bb#FBF9F6&Prime; background_image=\u00a0\u00bbhttps:\/\/linandelle.com\/wp-content\/uploads\/2025\/12\/Mail.png\u00a0\u00bb background_size=\u00a0\u00bbinitial\u00a0\u00bb background_position=\u00a0\u00bbbottom_right\u00a0\u00bb background_horizontal_offset=\u00a0\u00bb5%\u00a0\u00bb custom_margin=\u00a0\u00bb3rem||||false|false\u00a0\u00bb custom_padding=\u00a0\u00bb0px|0px|0px|0px|false|false\u00a0\u00bb locked=\u00a0\u00bboff\u00a0\u00bb collapsed=\u00a0\u00bbon\u00a0\u00bb global_colors_info=\u00a0\u00bb{}\u00a0\u00bb theme_builder_area=\u00a0\u00bbpost_content\u00a0\u00bb][et_pb_row make_equal=\u00a0\u00bbon\u00a0\u00bb _builder_version=\u00a0\u00bb4.27.5&Prime; _module_preset=\u00a0\u00bbdefault\u00a0\u00bb module_alignment=\u00a0\u00bbcenter\u00a0\u00bb custom_padding=\u00a0\u00bb0px||0px||false|false\u00a0\u00bb global_colors_info=\u00a0\u00bb{}\u00a0\u00bb theme_builder_area=\u00a0\u00bbpost_content\u00a0\u00bb][et_pb_column type=\u00a0\u00bb4_4&Prime; _builder_version=\u00a0\u00bb4.27.5&Prime; _module_preset=\u00a0\u00bbdefault\u00a0\u00bb custom_padding=\u00a0\u00bb2rem|2rem|2rem|2rem|false|false\u00a0\u00bb global_colors_info=\u00a0\u00bb{}\u00a0\u00bb theme_builder_area=\u00a0\u00bbpost_content\u00a0\u00bb][et_pb_text _builder_version=\u00a0\u00bb4.27.5&Prime; _module_preset=\u00a0\u00bbdefault\u00a0\u00bb header_2_font=\u00a0\u00bb|||on|||||\u00a0\u00bb header_2_line_height=\u00a0\u00bb1.5em\u00a0\u00bb custom_margin=\u00a0\u00bb0px||||false|false\u00a0\u00bb global_colors_info=\u00a0\u00bb{}\u00a0\u00bb theme_builder_area=\u00a0\u00bbpost_content\u00a0\u00bb]<\/p>\n<h2><strong>Rejoindre la communaut\u00e9<\/strong> Linandelle<\/h2>\n<p>D\u2019autres attentions pourraient bien suivre\u2026 en vous inscrivant \u00e0 notre <strong>newsletter<\/strong>, vous profitez :<\/p>\n<ul>\n<li>d\u2019offres exclusives,<\/li>\n<li>d\u2019avant-premi\u00e8res,<\/li>\n<li>d\u2019id\u00e9es d\u00e9co et inspirations autour du linge de maison,<\/li>\n<li>et de contenus pens\u00e9s pour vous accompagner au fil des saisons.<\/li>\n<\/ul>\n<p>[\/et_pb_text][et_pb_button button_url=\u00a0\u00bbhttps:\/\/linandelle.com\/fr\/inscription-newsletter\/\u00a0\u00bb button_text=\u00a0\u00bbJe m\u2019inscris \u00e0 la newsletter Linandelle\u00a0\u00bb button_alignment=\u00a0\u00bbleft\u00a0\u00bb button_alignment_tablet=\u00a0\u00bbleft\u00a0\u00bb button_alignment_phone=\u00a0\u00bbcenter\u00a0\u00bb button_alignment_last_edited=\u00a0\u00bbon|phone\u00a0\u00bb _builder_version=\u00a0\u00bb4.27.5&Prime; _module_preset=\u00a0\u00bbdefault\u00a0\u00bb custom_button=\u00a0\u00bbon\u00a0\u00bb button_text_size=\u00a0\u00bb1.25rem\u00a0\u00bb button_font=\u00a0\u00bb&#8211;et_global_body_font|300|||on|||#154741|\u00a0\u00bb button_use_icon=\u00a0\u00bboff\u00a0\u00bb locked=\u00a0\u00bboff\u00a0\u00bb global_colors_info=\u00a0\u00bb{}\u00a0\u00bb theme_builder_area=\u00a0\u00bbpost_content\u00a0\u00bb][\/et_pb_button][\/et_pb_column][\/et_pb_row][\/et_pb_section]<\/p>\n","protected":false},"excerpt":{"rendered":"<p>Apr\u00e8s l\u2019agitation des f\u00eates, l\u2019hiver s\u2019installe pour de bon. Les journ\u00e9es sont plus courtes, les nuits plus fra\u00eeches, et le lit devient un refuge essentiel. C\u2019est souvent \u00e0 ce moment-l\u00e0 que l\u2019on r\u00e9alise qu\u2019un drap trop fin, une couette mal adapt\u00e9e ou une mati\u00e8re peu agr\u00e9able peuvent vraiment peser sur la qualit\u00e9 du sommeil.Vous \u00eates [&hellip;]<\/p>\n","protected":false},"author":14757,"featured_media":87071,"comment_status":"closed","ping_status":"open","sticky":false,"template":"","format":"standard","meta":{"_et_pb_use_builder":"on","_et_pb_old_content":"","_et_gb_content_width":"","footnotes":""},"categories":[1],"tags":[],"class_list":["post-86998","post","type-post","status-publish","format-standard","has-post-thumbnail","hentry","category-blog-linge-de-maison-linandelle"],"yoast_head":"<!-- This site is optimized with the Yoast SEO Premium plugin v27.5 (Yoast SEO v27.5) - https:\/\/yoast.com\/product\/yoast-seo-premium-wordpress\/ -->\n<title>Bien choisir son linge de lit en hiver : confort et chaleur - Linandelle<\/title>\n<meta name=\"description\" content=\"Quel linge de lit choisir en hiver ? Mati\u00e8res chaudes, confort, besoins des frileux et des enfants : les conseils Linandelle pour mieux dormir quand il fait froid\" \/>\n<meta name=\"robots\" content=\"index, follow, max-snippet:-1, max-image-preview:large, max-video-preview:-1\" \/>\n<link rel=\"canonical\" href=\"https:\/\/linandelle.com\/fr\/choisir-linge-de-lit-hiver\/\" \/>\n<meta property=\"og:locale\" content=\"fr_FR\" \/>\n<meta property=\"og:type\" content=\"article\" \/>\n<meta property=\"og:title\" content=\"Bien choisir son linge de lit en hiver : confort et chaleur - Linandelle\" \/>\n<meta property=\"og:description\" content=\"Quel linge de lit choisir en hiver ? Mati\u00e8res chaudes, confort, besoins des frileux et des enfants : les conseils Linandelle pour mieux dormir quand il fait froid\" \/>\n<meta property=\"og:url\" content=\"https:\/\/linandelle.com\/fr\/choisir-linge-de-lit-hiver\/\" \/>\n<meta property=\"og:site_name\" content=\"Linandelle\" \/>\n<meta property=\"article:publisher\" content=\"https:\/\/www.facebook.com\/Linandelle\" \/>\n<meta property=\"article:published_time\" content=\"2026-01-06T17:05:00+00:00\" \/>\n<meta property=\"article:modified_time\" content=\"2026-01-27T23:13:31+00:00\" \/>\n<meta property=\"og:image\" content=\"https:\/\/linandelle.com\/wp-content\/uploads\/2026\/01\/linge-de-lit-hiver-linandelle-1.jpg\" \/>\n\t<meta property=\"og:image:width\" content=\"600\" \/>\n\t<meta property=\"og:image:height\" content=\"375\" \/>\n\t<meta property=\"og:image:type\" content=\"image\/jpeg\" \/>\n<meta name=\"author\" content=\"Marie\" \/>\n<meta name=\"twitter:card\" content=\"summary_large_image\" \/>\n<meta name=\"twitter:label1\" content=\"\u00c9crit par\" \/>\n\t<meta name=\"twitter:data1\" content=\"Marie\" \/>\n\t<meta name=\"twitter:label2\" content=\"Dur\u00e9e de lecture estim\u00e9e\" \/>\n\t<meta name=\"twitter:data2\" content=\"8 minutes\" \/>\n<script type=\"application\/ld+json\" class=\"yoast-schema-graph\">{\"@context\":\"https:\\\/\\\/schema.org\",\"@graph\":[{\"@type\":\"Article\",\"@id\":\"https:\\\/\\\/linandelle.com\\\/fr\\\/choisir-linge-de-lit-hiver\\\/#article\",\"isPartOf\":{\"@id\":\"https:\\\/\\\/linandelle.com\\\/fr\\\/choisir-linge-de-lit-hiver\\\/\"},\"author\":{\"name\":\"Marie\",\"@id\":\"https:\\\/\\\/linandelle.com\\\/fr\\\/#\\\/schema\\\/person\\\/3d5b1bff83fead500b5cd542fa10e97c\"},\"headline\":\"Bien choisir son linge de lit en hiver : le confort dont vous avez vraiment besoin\",\"datePublished\":\"2026-01-06T17:05:00+00:00\",\"dateModified\":\"2026-01-27T23:13:31+00:00\",\"mainEntityOfPage\":{\"@id\":\"https:\\\/\\\/linandelle.com\\\/fr\\\/choisir-linge-de-lit-hiver\\\/\"},\"wordCount\":3591,\"publisher\":{\"@id\":\"https:\\\/\\\/linandelle.com\\\/fr\\\/#organization\"},\"image\":{\"@id\":\"https:\\\/\\\/linandelle.com\\\/fr\\\/choisir-linge-de-lit-hiver\\\/#primaryimage\"},\"thumbnailUrl\":\"https:\\\/\\\/linandelle.com\\\/wp-content\\\/uploads\\\/2026\\\/01\\\/linge-de-lit-hiver-linandelle-1.jpg\",\"articleSection\":[\"Blog linge de maison Linandelle\"],\"inLanguage\":\"fr-FR\"},{\"@type\":\"WebPage\",\"@id\":\"https:\\\/\\\/linandelle.com\\\/fr\\\/choisir-linge-de-lit-hiver\\\/\",\"url\":\"https:\\\/\\\/linandelle.com\\\/fr\\\/choisir-linge-de-lit-hiver\\\/\",\"name\":\"Bien choisir son linge de lit en hiver : confort et chaleur - Linandelle\",\"isPartOf\":{\"@id\":\"https:\\\/\\\/linandelle.com\\\/fr\\\/#website\"},\"primaryImageOfPage\":{\"@id\":\"https:\\\/\\\/linandelle.com\\\/fr\\\/choisir-linge-de-lit-hiver\\\/#primaryimage\"},\"image\":{\"@id\":\"https:\\\/\\\/linandelle.com\\\/fr\\\/choisir-linge-de-lit-hiver\\\/#primaryimage\"},\"thumbnailUrl\":\"https:\\\/\\\/linandelle.com\\\/wp-content\\\/uploads\\\/2026\\\/01\\\/linge-de-lit-hiver-linandelle-1.jpg\",\"datePublished\":\"2026-01-06T17:05:00+00:00\",\"dateModified\":\"2026-01-27T23:13:31+00:00\",\"description\":\"Quel linge de lit choisir en hiver ? Mati\u00e8res chaudes, confort, besoins des frileux et des enfants : les conseils Linandelle pour mieux dormir quand il fait froid\",\"inLanguage\":\"fr-FR\",\"potentialAction\":[{\"@type\":\"ReadAction\",\"target\":[\"https:\\\/\\\/linandelle.com\\\/fr\\\/choisir-linge-de-lit-hiver\\\/\"]}]},{\"@type\":\"ImageObject\",\"inLanguage\":\"fr-FR\",\"@id\":\"https:\\\/\\\/linandelle.com\\\/fr\\\/choisir-linge-de-lit-hiver\\\/#primaryimage\",\"url\":\"https:\\\/\\\/linandelle.com\\\/wp-content\\\/uploads\\\/2026\\\/01\\\/linge-de-lit-hiver-linandelle-1.jpg\",\"contentUrl\":\"https:\\\/\\\/linandelle.com\\\/wp-content\\\/uploads\\\/2026\\\/01\\\/linge-de-lit-hiver-linandelle-1.jpg\",\"width\":600,\"height\":375},{\"@type\":\"WebSite\",\"@id\":\"https:\\\/\\\/linandelle.com\\\/fr\\\/#website\",\"url\":\"https:\\\/\\\/linandelle.com\\\/fr\\\/\",\"name\":\"Linandelle\",\"description\":\"Linandelle, plus que du linge, l&#039;essentiel\",\"publisher\":{\"@id\":\"https:\\\/\\\/linandelle.com\\\/fr\\\/#organization\"},\"potentialAction\":[{\"@type\":\"SearchAction\",\"target\":{\"@type\":\"EntryPoint\",\"urlTemplate\":\"https:\\\/\\\/linandelle.com\\\/fr\\\/?s={search_term_string}\"},\"query-input\":{\"@type\":\"PropertyValueSpecification\",\"valueRequired\":true,\"valueName\":\"search_term_string\"}}],\"inLanguage\":\"fr-FR\"},{\"@type\":\"Organization\",\"@id\":\"https:\\\/\\\/linandelle.com\\\/fr\\\/#organization\",\"name\":\"Linandelle\",\"url\":\"https:\\\/\\\/linandelle.com\\\/fr\\\/\",\"logo\":{\"@type\":\"ImageObject\",\"inLanguage\":\"fr-FR\",\"@id\":\"https:\\\/\\\/linandelle.com\\\/fr\\\/#\\\/schema\\\/logo\\\/image\\\/\",\"url\":\"https:\\\/\\\/linandelle.com\\\/wp-content\\\/uploads\\\/2022\\\/03\\\/logo-linandelle.jpg\",\"contentUrl\":\"https:\\\/\\\/linandelle.com\\\/wp-content\\\/uploads\\\/2022\\\/03\\\/logo-linandelle.jpg\",\"width\":739,\"height\":738,\"caption\":\"Linandelle\"},\"image\":{\"@id\":\"https:\\\/\\\/linandelle.com\\\/fr\\\/#\\\/schema\\\/logo\\\/image\\\/\"},\"sameAs\":[\"https:\\\/\\\/www.facebook.com\\\/Linandelle\",\"https:\\\/\\\/www.instagram.com\\\/linandelle\\\/\",\"https:\\\/\\\/www.linkedin.com\\\/company\\\/18483801\\\/admin\\\/dashboard\\\/\",\"https:\\\/\\\/www.pinterest.fr\\\/linandelle\\\/_created\\\/\",\"https:\\\/\\\/www.youtube.com\\\/@linandellecharleval1016\"],\"email\":\"contact@linandelle.com\",\"telephone\":\"0232687800\",\"legalName\":\"SARL DU PONT DES JARDINS\",\"vatID\":\"FR27448856641\",\"taxID\":\"44885664100015\",\"numberOfEmployees\":{\"@type\":\"QuantitativeValue\",\"minValue\":\"1\",\"maxValue\":\"10\"}},{\"@type\":\"Person\",\"@id\":\"https:\\\/\\\/linandelle.com\\\/fr\\\/#\\\/schema\\\/person\\\/3d5b1bff83fead500b5cd542fa10e97c\",\"name\":\"Marie\"}]}<\/script>\n<!-- \/ Yoast SEO Premium plugin. -->","yoast_head_json":{"title":"Bien choisir son linge de lit en hiver : confort et chaleur - Linandelle","description":"Quel linge de lit choisir en hiver ? Mati\u00e8res chaudes, confort, besoins des frileux et des enfants : les conseils Linandelle pour mieux dormir quand il fait froid","robots":{"index":"index","follow":"follow","max-snippet":"max-snippet:-1","max-image-preview":"max-image-preview:large","max-video-preview":"max-video-preview:-1"},"canonical":"https:\/\/linandelle.com\/fr\/choisir-linge-de-lit-hiver\/","og_locale":"fr_FR","og_type":"article","og_title":"Bien choisir son linge de lit en hiver : confort et chaleur - Linandelle","og_description":"Quel linge de lit choisir en hiver ? Mati\u00e8res chaudes, confort, besoins des frileux et des enfants : les conseils Linandelle pour mieux dormir quand il fait froid","og_url":"https:\/\/linandelle.com\/fr\/choisir-linge-de-lit-hiver\/","og_site_name":"Linandelle","article_publisher":"https:\/\/www.facebook.com\/Linandelle","article_published_time":"2026-01-06T17:05:00+00:00","article_modified_time":"2026-01-27T23:13:31+00:00","og_image":[{"width":600,"height":375,"url":"https:\/\/linandelle.com\/wp-content\/uploads\/2026\/01\/linge-de-lit-hiver-linandelle-1.jpg","type":"image\/jpeg"}],"author":"Marie","twitter_card":"summary_large_image","twitter_misc":{"\u00c9crit par":"Marie","Dur\u00e9e de lecture estim\u00e9e":"8 minutes"},"schema":{"@context":"https:\/\/schema.org","@graph":[{"@type":"Article","@id":"https:\/\/linandelle.com\/fr\/choisir-linge-de-lit-hiver\/#article","isPartOf":{"@id":"https:\/\/linandelle.com\/fr\/choisir-linge-de-lit-hiver\/"},"author":{"name":"Marie","@id":"https:\/\/linandelle.com\/fr\/#\/schema\/person\/3d5b1bff83fead500b5cd542fa10e97c"},"headline":"Bien choisir son linge de lit en hiver : le confort dont vous avez vraiment besoin","datePublished":"2026-01-06T17:05:00+00:00","dateModified":"2026-01-27T23:13:31+00:00","mainEntityOfPage":{"@id":"https:\/\/linandelle.com\/fr\/choisir-linge-de-lit-hiver\/"},"wordCount":3591,"publisher":{"@id":"https:\/\/linandelle.com\/fr\/#organization"},"image":{"@id":"https:\/\/linandelle.com\/fr\/choisir-linge-de-lit-hiver\/#primaryimage"},"thumbnailUrl":"https:\/\/linandelle.com\/wp-content\/uploads\/2026\/01\/linge-de-lit-hiver-linandelle-1.jpg","articleSection":["Blog linge de maison Linandelle"],"inLanguage":"fr-FR"},{"@type":"WebPage","@id":"https:\/\/linandelle.com\/fr\/choisir-linge-de-lit-hiver\/","url":"https:\/\/linandelle.com\/fr\/choisir-linge-de-lit-hiver\/","name":"Bien choisir son linge de lit en hiver : confort et chaleur - Linandelle","isPartOf":{"@id":"https:\/\/linandelle.com\/fr\/#website"},"primaryImageOfPage":{"@id":"https:\/\/linandelle.com\/fr\/choisir-linge-de-lit-hiver\/#primaryimage"},"image":{"@id":"https:\/\/linandelle.com\/fr\/choisir-linge-de-lit-hiver\/#primaryimage"},"thumbnailUrl":"https:\/\/linandelle.com\/wp-content\/uploads\/2026\/01\/linge-de-lit-hiver-linandelle-1.jpg","datePublished":"2026-01-06T17:05:00+00:00","dateModified":"2026-01-27T23:13:31+00:00","description":"Quel linge de lit choisir en hiver ? Mati\u00e8res chaudes, confort, besoins des frileux et des enfants : les conseils Linandelle pour mieux dormir quand il fait froid","inLanguage":"fr-FR","potentialAction":[{"@type":"ReadAction","target":["https:\/\/linandelle.com\/fr\/choisir-linge-de-lit-hiver\/"]}]},{"@type":"ImageObject","inLanguage":"fr-FR","@id":"https:\/\/linandelle.com\/fr\/choisir-linge-de-lit-hiver\/#primaryimage","url":"https:\/\/linandelle.com\/wp-content\/uploads\/2026\/01\/linge-de-lit-hiver-linandelle-1.jpg","contentUrl":"https:\/\/linandelle.com\/wp-content\/uploads\/2026\/01\/linge-de-lit-hiver-linandelle-1.jpg","width":600,"height":375},{"@type":"WebSite","@id":"https:\/\/linandelle.com\/fr\/#website","url":"https:\/\/linandelle.com\/fr\/","name":"Linandelle","description":"Linandelle, plus que du linge, l&#039;essentiel","publisher":{"@id":"https:\/\/linandelle.com\/fr\/#organization"},"potentialAction":[{"@type":"SearchAction","target":{"@type":"EntryPoint","urlTemplate":"https:\/\/linandelle.com\/fr\/?s={search_term_string}"},"query-input":{"@type":"PropertyValueSpecification","valueRequired":true,"valueName":"search_term_string"}}],"inLanguage":"fr-FR"},{"@type":"Organization","@id":"https:\/\/linandelle.com\/fr\/#organization","name":"Linandelle","url":"https:\/\/linandelle.com\/fr\/","logo":{"@type":"ImageObject","inLanguage":"fr-FR","@id":"https:\/\/linandelle.com\/fr\/#\/schema\/logo\/image\/","url":"https:\/\/linandelle.com\/wp-content\/uploads\/2022\/03\/logo-linandelle.jpg","contentUrl":"https:\/\/linandelle.com\/wp-content\/uploads\/2022\/03\/logo-linandelle.jpg","width":739,"height":738,"caption":"Linandelle"},"image":{"@id":"https:\/\/linandelle.com\/fr\/#\/schema\/logo\/image\/"},"sameAs":["https:\/\/www.facebook.com\/Linandelle","https:\/\/www.instagram.com\/linandelle\/","https:\/\/www.linkedin.com\/company\/18483801\/admin\/dashboard\/","https:\/\/www.pinterest.fr\/linandelle\/_created\/","https:\/\/www.youtube.com\/@linandellecharleval1016"],"email":"contact@linandelle.com","telephone":"0232687800","legalName":"SARL DU PONT DES JARDINS","vatID":"FR27448856641","taxID":"44885664100015","numberOfEmployees":{"@type":"QuantitativeValue","minValue":"1","maxValue":"10"}},{"@type":"Person","@id":"https:\/\/linandelle.com\/fr\/#\/schema\/person\/3d5b1bff83fead500b5cd542fa10e97c","name":"Marie"}]}},"_links":{"self":[{"href":"https:\/\/linandelle.com\/fr\/wp-json\/wp\/v2\/posts\/86998","targetHints":{"allow":["GET"]}}],"collection":[{"href":"https:\/\/linandelle.com\/fr\/wp-json\/wp\/v2\/posts"}],"about":[{"href":"https:\/\/linandelle.com\/fr\/wp-json\/wp\/v2\/types\/post"}],"author":[{"embeddable":true,"href":"https:\/\/linandelle.com\/fr\/wp-json\/wp\/v2\/users\/14757"}],"replies":[{"embeddable":true,"href":"https:\/\/linandelle.com\/fr\/wp-json\/wp\/v2\/comments?post=86998"}],"version-history":[{"count":32,"href":"https:\/\/linandelle.com\/fr\/wp-json\/wp\/v2\/posts\/86998\/revisions"}],"predecessor-version":[{"id":87566,"href":"https:\/\/linandelle.com\/fr\/wp-json\/wp\/v2\/posts\/86998\/revisions\/87566"}],"wp:featuredmedia":[{"embeddable":true,"href":"https:\/\/linandelle.com\/fr\/wp-json\/wp\/v2\/media\/87071"}],"wp:attachment":[{"href":"https:\/\/linandelle.com\/fr\/wp-json\/wp\/v2\/media?parent=86998"}],"wp:term":[{"taxonomy":"category","embeddable":true,"href":"https:\/\/linandelle.com\/fr\/wp-json\/wp\/v2\/categories?post=86998"},{"taxonomy":"post_tag","embeddable":true,"href":"https:\/\/linandelle.com\/fr\/wp-json\/wp\/v2\/tags?post=86998"}],"curies":[{"name":"wp","href":"https:\/\/api.w.org\/{rel}","templated":true}]}}