{"id":87410,"date":"2026-01-21T16:36:45","date_gmt":"2026-01-21T15:36:45","guid":{"rendered":"https:\/\/linandelle.com\/fr\/?p=87410"},"modified":"2026-01-27T23:20:17","modified_gmt":"2026-01-27T22:20:17","slug":"soldes-linge-de-table-tissus-hiver","status":"publish","type":"post","link":"https:\/\/linandelle.com\/fr\/soldes-linge-de-table-tissus-hiver\/","title":{"rendered":"Soldes linge de table &amp; tissus : cr\u00e9er et partager pendant les soir\u00e9es d\u2019hiver"},"content":{"rendered":"<p>[et_pb_section fb_built=\u00a0\u00bb1&Prime; admin_label=\u00a0\u00bbArticle\u00a0\u00bb _builder_version=\u00a0\u00bb4.27.5&Prime; _module_preset=\u00a0\u00bbdefault\u00a0\u00bb custom_padding=\u00a0\u00bb0px||||false|false\u00a0\u00bb locked=\u00a0\u00bboff\u00a0\u00bb collapsed=\u00a0\u00bboff\u00a0\u00bb global_colors_info=\u00a0\u00bb{}\u00a0\u00bb theme_builder_area=\u00a0\u00bbpost_content\u00a0\u00bb][et_pb_row _builder_version=\u00a0\u00bb4.27.5&Prime; _module_preset=\u00a0\u00bbdefault\u00a0\u00bb global_colors_info=\u00a0\u00bb{}\u00a0\u00bb theme_builder_area=\u00a0\u00bbpost_content\u00a0\u00bb][et_pb_column type=\u00a0\u00bb4_4&Prime; _builder_version=\u00a0\u00bb4.27.5&Prime; _module_preset=\u00a0\u00bbdefault\u00a0\u00bb global_colors_info=\u00a0\u00bb{}\u00a0\u00bb theme_builder_area=\u00a0\u00bbpost_content\u00a0\u00bb][et_pb_text _builder_version=\u00a0\u00bb4.27.5&Prime; _module_preset=\u00a0\u00bbdefault\u00a0\u00bb locked=\u00a0\u00bboff\u00a0\u00bb global_colors_info=\u00a0\u00bb{}\u00a0\u00bb theme_builder_area=\u00a0\u00bbpost_content\u00a0\u00bb]<\/p>\n<p>Quand l\u2019hiver s\u2019installe vraiment, que les journ\u00e9es raccourcissent et que le froid s\u2019invite dehors, quelque chose change \u00e0 l\u2019int\u00e9rieur. On ralentit. On reste plus volontiers \u00e0 la maison. On prend le temps.<\/p>\n<p>Ces soir\u00e9es d\u2019hiver sont souvent celles o\u00f9 l\u2019on cuisine un peu plus longtemps, o\u00f9 l\u2019on dresse la table m\u00eame sans occasion particuli\u00e8re, o\u00f9 l\u2019on ressort des projets laiss\u00e9s de c\u00f4t\u00e9. Cr\u00e9er, partager, imaginer\u2026 la maison continue de vivre, autrement.<\/p>\n<p>[\/et_pb_text][et_pb_text _builder_version=\u00a0\u00bb4.27.5&Prime; _module_preset=\u00a0\u00bbdefault\u00a0\u00bb text_font_size=\u00a0\u00bb1.25em\u00a0\u00bb text_line_height=\u00a0\u00bb1.5em\u00a0\u00bb global_colors_info=\u00a0\u00bb{}\u00a0\u00bb text_text_color__hover_enabled=\u00a0\u00bbon|hover\u00a0\u00bb text_text_color__hover=\u00a0\u00bb#4D716C\u00a0\u00bb theme_builder_area=\u00a0\u00bbpost_content\u00a0\u00bb]<\/p>\n<p>Cette semaine, les <strong>soldes d\u2019hiver Linandelle<\/strong> s\u2019inscrivent dans cet esprit, avec une s\u00e9lection d\u00e9di\u00e9e au <strong>linge de table<\/strong>, aux <strong>tissus<\/strong> et aux <strong>bons plans, jusqu\u2019\u00e0 \u201340 %<\/strong>. Une invitation \u00e0 faire de l\u2019hiver une saison conviviale et cr\u00e9ative.<\/p>\n<p>[\/et_pb_text][\/et_pb_column][\/et_pb_row][\/et_pb_section][et_pb_section fb_built=\u00a0\u00bb1&Prime; admin_label=\u00a0\u00bbArticle\u00a0\u00bb _builder_version=\u00a0\u00bb4.27.5&Prime; _module_preset=\u00a0\u00bbdefault\u00a0\u00bb custom_padding=\u00a0\u00bb0px||||false|false\u00a0\u00bb locked=\u00a0\u00bboff\u00a0\u00bb collapsed=\u00a0\u00bboff\u00a0\u00bb global_colors_info=\u00a0\u00bb{}\u00a0\u00bb theme_builder_area=\u00a0\u00bbpost_content\u00a0\u00bb][et_pb_row column_structure=\u00a0\u00bb3_5,2_5&Prime; make_equal=\u00a0\u00bbon\u00a0\u00bb _builder_version=\u00a0\u00bb4.27.5&Prime; _module_preset=\u00a0\u00bbdefault\u00a0\u00bb global_colors_info=\u00a0\u00bb{}\u00a0\u00bb theme_builder_area=\u00a0\u00bbpost_content\u00a0\u00bb][et_pb_column type=\u00a0\u00bb3_5&Prime; _builder_version=\u00a0\u00bb4.27.5&Prime; _module_preset=\u00a0\u00bbdefault\u00a0\u00bb custom_padding=\u00a0\u00bb||||false|false\u00a0\u00bb global_colors_info=\u00a0\u00bb{}\u00a0\u00bb theme_builder_area=\u00a0\u00bbpost_content\u00a0\u00bb][et_pb_text _builder_version=\u00a0\u00bb4.27.5&Prime; _module_preset=\u00a0\u00bbdefault\u00a0\u00bb header_2_font=\u00a0\u00bb|||on|||||\u00a0\u00bb header_2_line_height=\u00a0\u00bb1.5em\u00a0\u00bb custom_margin=\u00a0\u00bb||1rem||false|false\u00a0\u00bb locked=\u00a0\u00bboff\u00a0\u00bb global_colors_info=\u00a0\u00bb{}\u00a0\u00bb theme_builder_area=\u00a0\u00bbpost_content\u00a0\u00bb]<\/p>\n<h2><strong>Autour de la table :<\/strong> <br \/>le plaisir d\u2019\u00eatre ensemble, simplement<\/h2>\n<p>[\/et_pb_text][et_pb_text _builder_version=\u00a0\u00bb4.27.5&Prime; _module_preset=\u00a0\u00bbdefault\u00a0\u00bb text_font_size=\u00a0\u00bb1.25em\u00a0\u00bb text_line_height=\u00a0\u00bb1.5em\u00a0\u00bb header_2_font=\u00a0\u00bb|||on|||||\u00a0\u00bb header_2_text_align=\u00a0\u00bbcenter\u00a0\u00bb custom_margin=\u00a0\u00bb||1rem||false|false\u00a0\u00bb locked=\u00a0\u00bboff\u00a0\u00bb global_colors_info=\u00a0\u00bb{}\u00a0\u00bb theme_builder_area=\u00a0\u00bbpost_content\u00a0\u00bb]<\/p>\n<p>En hiver, la table devient souvent le c\u0153ur de la maison.<\/p>\n<p>[\/et_pb_text][et_pb_text _builder_version=\u00a0\u00bb4.27.5&Prime; _module_preset=\u00a0\u00bbdefault\u00a0\u00bb header_2_font=\u00a0\u00bb|||on|||||\u00a0\u00bb header_2_line_height=\u00a0\u00bb1.5em\u00a0\u00bb locked=\u00a0\u00bboff\u00a0\u00bb global_colors_info=\u00a0\u00bb{}\u00a0\u00bb theme_builder_area=\u00a0\u00bbpost_content\u00a0\u00bb]<\/p>\n<p>Un d\u00eener improvis\u00e9, un go\u00fbter qui s\u2019\u00e9ternise, un repas partag\u00e9 apr\u00e8s une longue journ\u00e9e\u2026 Ces moments prennent une saveur particuli\u00e8re quand l\u2019atmosph\u00e8re est douce et chaleureuse.<\/p>\n<p><a href=\"https:\/\/linandelle.com\/fr\/categorie\/table\/nappes-chemins-de-table\/\" title=\"Cat\u00e9gorie Nappe - Linandelle\">Nappes<\/a> en coton ou en lin, <a href=\"https:\/\/linandelle.com\/fr\/categorie\/table\/chemins-de-table\/\" title=\"Cat\u00e9gorie Chemin de table - Linandelle\">chemins de table<\/a> en coton-lin, <a href=\"https:\/\/linandelle.com\/fr\/categorie\/table\/serviettes-de-table-a-carreaux\/\" title=\"Cat\u00e9gorie Serviette de table - Linandelle\">serviettes<\/a> en tissu unies, imprim\u00e9es ou \u00e0 carreaux vichy normands : le linge de table accompagne ces instants et leur donne du relief.<\/p>\n<p>Pendant les soldes, c\u2019est le moment id\u00e9al pour : renouveler une nappe du quotidien, composer un bel ensemble de serviettes en tissu, associer mati\u00e8res et motifs selon vos envies.<\/p>\n<p>[\/et_pb_text][et_pb_button button_url=\u00a0\u00bbhttps:\/\/linandelle.com\/fr\/categorie\/table\/\u00a0\u00bb button_text=\u00a0\u00bbD\u00e9couvrir les soldes linge de table\u00a0\u00bb button_alignment=\u00a0\u00bbleft\u00a0\u00bb button_alignment_tablet=\u00a0\u00bbleft\u00a0\u00bb button_alignment_phone=\u00a0\u00bbcenter\u00a0\u00bb button_alignment_last_edited=\u00a0\u00bbon|phone\u00a0\u00bb _builder_version=\u00a0\u00bb4.27.5&Prime; _module_preset=\u00a0\u00bbdefault\u00a0\u00bb custom_button=\u00a0\u00bbon\u00a0\u00bb button_text_size=\u00a0\u00bb1rem\u00a0\u00bb button_text_color=\u00a0\u00bb#154741&Prime; button_bg_color=\u00a0\u00bb#FFFFFF\u00a0\u00bb button_border_width=\u00a0\u00bb1px\u00a0\u00bb button_border_color=\u00a0\u00bb#154741&Prime; button_font=\u00a0\u00bb&#8211;et_global_body_font||||on|||#FFFFFF|\u00a0\u00bb button_use_icon=\u00a0\u00bboff\u00a0\u00bb locked=\u00a0\u00bboff\u00a0\u00bb global_colors_info=\u00a0\u00bb{}\u00a0\u00bb button_border_color__hover_enabled=\u00a0\u00bbon|hover\u00a0\u00bb button_border_color__hover=\u00a0\u00bb#4D716C\u00a0\u00bb theme_builder_area=\u00a0\u00bbpost_content\u00a0\u00bb][\/et_pb_button][et_pb_text _builder_version=\u00a0\u00bb4.27.5&Prime; _module_preset=\u00a0\u00bbdefault\u00a0\u00bb text_font_size=\u00a0\u00bb0.8rem\u00a0\u00bb global_colors_info=\u00a0\u00bb{}\u00a0\u00bb theme_builder_area=\u00a0\u00bbpost_content\u00a0\u00bb]<\/p>\n<p>Photo : <a href=\"https:\/\/linandelle.com\/fr\/categorie\/table\/gamme-en-lin\/\">Linge de table &#8211; Gamme en lin<\/a><\/p>\n<p>[\/et_pb_text][\/et_pb_column][et_pb_column type=\u00a0\u00bb2_5&Prime; _builder_version=\u00a0\u00bb4.27.5&Prime; _module_preset=\u00a0\u00bbdefault\u00a0\u00bb background_image=\u00a0\u00bbhttps:\/\/linandelle.com\/wp-content\/uploads\/2026\/01\/linge-table-lin-hiver-linandelle.png.jpg\u00a0\u00bb custom_padding=\u00a0\u00bb150px||150px||false|false\u00a0\u00bb global_colors_info=\u00a0\u00bb{}\u00a0\u00bb theme_builder_area=\u00a0\u00bbpost_content\u00a0\u00bb][et_pb_divider show_divider=\u00a0\u00bboff\u00a0\u00bb _builder_version=\u00a0\u00bb4.27.5&Prime; _module_preset=\u00a0\u00bbdefault\u00a0\u00bb global_colors_info=\u00a0\u00bb{}\u00a0\u00bb theme_builder_area=\u00a0\u00bbpost_content\u00a0\u00bb][\/et_pb_divider][\/et_pb_column][\/et_pb_row][\/et_pb_section][et_pb_section fb_built=\u00a0\u00bb1&Prime; _builder_version=\u00a0\u00bb4.27.5&Prime; _module_preset=\u00a0\u00bbdefault\u00a0\u00bb custom_margin=\u00a0\u00bb2rem||||false|false\u00a0\u00bb custom_padding=\u00a0\u00bb0px||0px||false|false\u00a0\u00bb global_colors_info=\u00a0\u00bb{}\u00a0\u00bb theme_builder_area=\u00a0\u00bbpost_content\u00a0\u00bb][et_pb_row make_equal=\u00a0\u00bbon\u00a0\u00bb _builder_version=\u00a0\u00bb4.27.5&Prime; _module_preset=\u00a0\u00bbdefault\u00a0\u00bb custom_padding=\u00a0\u00bb0px||0px||false|false\u00a0\u00bb global_colors_info=\u00a0\u00bb{}\u00a0\u00bb theme_builder_area=\u00a0\u00bbpost_content\u00a0\u00bb][et_pb_column type=\u00a0\u00bb4_4&Prime; _builder_version=\u00a0\u00bb4.27.5&Prime; _module_preset=\u00a0\u00bbdefault\u00a0\u00bb custom_padding=\u00a0\u00bb||||false|false\u00a0\u00bb global_colors_info=\u00a0\u00bb{}\u00a0\u00bb theme_builder_area=\u00a0\u00bbpost_content\u00a0\u00bb][et_pb_text _builder_version=\u00a0\u00bb4.27.5&Prime; _module_preset=\u00a0\u00bbdefault\u00a0\u00bb header_2_font=\u00a0\u00bb|||on|||||\u00a0\u00bb header_2_line_height=\u00a0\u00bb1.5em\u00a0\u00bb custom_margin=\u00a0\u00bb||0px||false|false\u00a0\u00bb custom_padding=\u00a0\u00bb||0px||false|false\u00a0\u00bb locked=\u00a0\u00bboff\u00a0\u00bb global_colors_info=\u00a0\u00bb{}\u00a0\u00bb theme_builder_area=\u00a0\u00bbpost_content\u00a0\u00bb]<\/p>\n<h2>D\u00e9couvrez nos <strong>produits linge de table<\/strong><\/h2>\n<p>Parce que le linge de table accompagne bien plus que les repas, certaines cat\u00e9gories trouveront naturellement leur place selon vos usages : cuisiner, recevoir, cr\u00e9er ou simplement partager un moment ensemble. Retrouvez ci-dessous les essentiels \u00e0 d\u00e9couvrir pour faire vivre la maison, m\u00eame en hiver.<\/p>\n<p>[\/et_pb_text][\/et_pb_column][\/et_pb_row][et_pb_row make_equal=\u00a0\u00bbon\u00a0\u00bb _builder_version=\u00a0\u00bb4.27.2&Prime; _module_preset=\u00a0\u00bbdefault\u00a0\u00bb custom_css_free_form=\u00a0\u00bbselector .et_pb_column{display:flex; flex-direction:row; justify-content:space-between; flex-wrap:nowrap; gap:2rem;}||selector .et_pb_column .et_pb_module{padding:0;}||||@media (max-width:980px){||  selector .et_pb_column{flex-wrap:wrap;}||  selector .et_pb_column .et_pb_module{flex: 1 1 30%;}||}\u00a0\u00bb global_colors_info=\u00a0\u00bb{}\u00a0\u00bb theme_builder_area=\u00a0\u00bbpost_content\u00a0\u00bb][et_pb_column type=\u00a0\u00bb4_4&Prime; _builder_version=\u00a0\u00bb4.27.2&Prime; _module_preset=\u00a0\u00bbdefault\u00a0\u00bb global_colors_info=\u00a0\u00bb{}\u00a0\u00bb theme_builder_area=\u00a0\u00bbpost_content\u00a0\u00bb][et_pb_cta admin_label=\u00a0\u00bbPeignoir\u00a0\u00bb _builder_version=\u00a0\u00bb4.27.5&Prime; _module_preset=\u00a0\u00bbdefault\u00a0\u00bb body_font=\u00a0\u00bb|||on|||||\u00a0\u00bb background_color=\u00a0\u00bbRGBA(255,255,255,0)\u00a0\u00bb custom_button=\u00a0\u00bbon\u00a0\u00bb button_text_size=\u00a0\u00bb1rem\u00a0\u00bb button_text_color=\u00a0\u00bb#FFFFFF\u00a0\u00bb button_bg_color=\u00a0\u00bbRGBA(255,255,255,0)\u00a0\u00bb button_border_width=\u00a0\u00bb0px\u00a0\u00bb button_border_color=\u00a0\u00bbRGBA(255,255,255,0)\u00a0\u00bb button_border_radius=\u00a0\u00bb20px\u00a0\u00bb button_use_icon=\u00a0\u00bboff\u00a0\u00bb background_layout=\u00a0\u00bblight\u00a0\u00bb link_option_url=\u00a0\u00bbhttps:\/\/linandelle.com\/fr\/categorie\/table\/nappes-chemins-de-table\/\u00a0\u00bb global_colors_info=\u00a0\u00bb{}\u00a0\u00bb theme_builder_area=\u00a0\u00bbpost_content\u00a0\u00bb]<\/p>\n<p><img loading=\"lazy\" decoding=\"async\" src=\"https:\/\/linandelle.com\/wp-content\/uploads\/2026\/01\/nappe-copie.jpg\" width=\"154\" height=\"121\" alt=\"Cat\u00e9gorie Nappe Linandelle\" class=\"wp-image-87422 alignnone size-full\" srcset=\"https:\/\/linandelle.com\/wp-content\/uploads\/2026\/01\/nappe-copie.jpg 154w, https:\/\/linandelle.com\/wp-content\/uploads\/2026\/01\/nappe-copie-64x50.jpg 64w\" sizes=\"(max-width: 154px) 100vw, 154px\" \/><\/p>\n<p>Nappes<\/p>\n<p>[\/et_pb_cta][et_pb_cta admin_label=\u00a0\u00bbPeignoir\u00a0\u00bb _builder_version=\u00a0\u00bb4.27.5&Prime; _module_preset=\u00a0\u00bbdefault\u00a0\u00bb body_font=\u00a0\u00bb|||on|||||\u00a0\u00bb background_color=\u00a0\u00bbRGBA(255,255,255,0)\u00a0\u00bb custom_button=\u00a0\u00bbon\u00a0\u00bb button_text_size=\u00a0\u00bb1rem\u00a0\u00bb button_text_color=\u00a0\u00bb#FFFFFF\u00a0\u00bb button_bg_color=\u00a0\u00bbRGBA(255,255,255,0)\u00a0\u00bb button_border_width=\u00a0\u00bb0px\u00a0\u00bb button_border_color=\u00a0\u00bbRGBA(255,255,255,0)\u00a0\u00bb button_border_radius=\u00a0\u00bb20px\u00a0\u00bb button_use_icon=\u00a0\u00bboff\u00a0\u00bb background_layout=\u00a0\u00bblight\u00a0\u00bb link_option_url=\u00a0\u00bbhttps:\/\/linandelle.com\/fr\/categorie\/table\/chemins-de-table\/\u00a0\u00bb global_colors_info=\u00a0\u00bb{}\u00a0\u00bb theme_builder_area=\u00a0\u00bbpost_content\u00a0\u00bb]<\/p>\n<p><img loading=\"lazy\" decoding=\"async\" src=\"https:\/\/linandelle.com\/wp-content\/uploads\/2026\/01\/chemin-de-table-copie.jpg\" width=\"154\" height=\"121\" alt=\"Cat\u00e9gorie chemin de table Linandelle\" class=\"wp-image-87426 alignnone size-full\" srcset=\"https:\/\/linandelle.com\/wp-content\/uploads\/2026\/01\/chemin-de-table-copie.jpg 154w, https:\/\/linandelle.com\/wp-content\/uploads\/2026\/01\/chemin-de-table-copie-64x50.jpg 64w\" sizes=\"(max-width: 154px) 100vw, 154px\" \/><\/p>\n<p>Chemin de table<\/p>\n<p>[\/et_pb_cta][et_pb_cta admin_label=\u00a0\u00bbPeignoir\u00a0\u00bb _builder_version=\u00a0\u00bb4.27.5&Prime; _module_preset=\u00a0\u00bbdefault\u00a0\u00bb body_font=\u00a0\u00bb|||on|||||\u00a0\u00bb background_color=\u00a0\u00bbRGBA(255,255,255,0)\u00a0\u00bb custom_button=\u00a0\u00bbon\u00a0\u00bb button_text_size=\u00a0\u00bb1rem\u00a0\u00bb button_text_color=\u00a0\u00bb#FFFFFF\u00a0\u00bb button_bg_color=\u00a0\u00bbRGBA(255,255,255,0)\u00a0\u00bb button_border_width=\u00a0\u00bb0px\u00a0\u00bb button_border_color=\u00a0\u00bbRGBA(255,255,255,0)\u00a0\u00bb button_border_radius=\u00a0\u00bb20px\u00a0\u00bb button_use_icon=\u00a0\u00bboff\u00a0\u00bb background_layout=\u00a0\u00bblight\u00a0\u00bb link_option_url=\u00a0\u00bbhttps:\/\/linandelle.com\/fr\/categorie\/table\/serviettes-de-table-a-carreaux\/\u00a0\u00bb global_colors_info=\u00a0\u00bb{}\u00a0\u00bb theme_builder_area=\u00a0\u00bbpost_content\u00a0\u00bb]<\/p>\n<p><img loading=\"lazy\" decoding=\"async\" src=\"https:\/\/linandelle.com\/wp-content\/uploads\/2026\/01\/serviette-table-copie.jpg\" width=\"154\" height=\"121\" alt=\"Cat\u00e9gorie serviette de table Linandelle\" class=\"wp-image-87423 alignnone size-full\" srcset=\"https:\/\/linandelle.com\/wp-content\/uploads\/2026\/01\/serviette-table-copie.jpg 154w, https:\/\/linandelle.com\/wp-content\/uploads\/2026\/01\/serviette-table-copie-64x50.jpg 64w\" sizes=\"(max-width: 154px) 100vw, 154px\" \/><\/p>\n<p>Serviette de table<\/p>\n<p>[\/et_pb_cta][et_pb_cta admin_label=\u00a0\u00bbPeignoir\u00a0\u00bb _builder_version=\u00a0\u00bb4.27.5&Prime; _module_preset=\u00a0\u00bbdefault\u00a0\u00bb body_font=\u00a0\u00bb|||on|||||\u00a0\u00bb background_color=\u00a0\u00bbRGBA(255,255,255,0)\u00a0\u00bb custom_button=\u00a0\u00bbon\u00a0\u00bb button_text_size=\u00a0\u00bb1rem\u00a0\u00bb button_text_color=\u00a0\u00bb#FFFFFF\u00a0\u00bb button_bg_color=\u00a0\u00bbRGBA(255,255,255,0)\u00a0\u00bb button_border_width=\u00a0\u00bb0px\u00a0\u00bb button_border_color=\u00a0\u00bbRGBA(255,255,255,0)\u00a0\u00bb button_border_radius=\u00a0\u00bb20px\u00a0\u00bb button_use_icon=\u00a0\u00bboff\u00a0\u00bb background_layout=\u00a0\u00bblight\u00a0\u00bb link_option_url=\u00a0\u00bbhttps:\/\/linandelle.com\/fr\/categorie\/table\/bavoirs-pour-adultes\/\u00a0\u00bb global_colors_info=\u00a0\u00bb{}\u00a0\u00bb theme_builder_area=\u00a0\u00bbpost_content\u00a0\u00bb]<\/p>\n<p><img loading=\"lazy\" decoding=\"async\" src=\"https:\/\/linandelle.com\/wp-content\/uploads\/2026\/01\/tablier-copie.jpg\" width=\"154\" height=\"121\" alt=\"Cat\u00e9gorie tablier adulte Linandelle\" class=\"wp-image-87424 alignnone size-full\" srcset=\"https:\/\/linandelle.com\/wp-content\/uploads\/2026\/01\/tablier-copie.jpg 154w, https:\/\/linandelle.com\/wp-content\/uploads\/2026\/01\/tablier-copie-64x50.jpg 64w\" sizes=\"(max-width: 154px) 100vw, 154px\" \/><\/p>\n<p>Tablier de cuisine<\/p>\n<p>[\/et_pb_cta][et_pb_cta admin_label=\u00a0\u00bbPeignoir\u00a0\u00bb _builder_version=\u00a0\u00bb4.27.5&Prime; _module_preset=\u00a0\u00bbdefault\u00a0\u00bb body_font=\u00a0\u00bb|||on|||||\u00a0\u00bb background_color=\u00a0\u00bbRGBA(255,255,255,0)\u00a0\u00bb custom_button=\u00a0\u00bbon\u00a0\u00bb button_text_size=\u00a0\u00bb1rem\u00a0\u00bb button_text_color=\u00a0\u00bb#FFFFFF\u00a0\u00bb button_bg_color=\u00a0\u00bbRGBA(255,255,255,0)\u00a0\u00bb button_border_width=\u00a0\u00bb0px\u00a0\u00bb button_border_color=\u00a0\u00bbRGBA(255,255,255,0)\u00a0\u00bb button_border_radius=\u00a0\u00bb20px\u00a0\u00bb button_use_icon=\u00a0\u00bboff\u00a0\u00bb background_layout=\u00a0\u00bblight\u00a0\u00bb link_option_url=\u00a0\u00bbhttps:\/\/linandelle.com\/fr\/categorie\/table\/torchons-et-essuie-verre\/\u00a0\u00bb global_colors_info=\u00a0\u00bb{}\u00a0\u00bb theme_builder_area=\u00a0\u00bbpost_content\u00a0\u00bb]<\/p>\n<p><img loading=\"lazy\" decoding=\"async\" src=\"https:\/\/linandelle.com\/wp-content\/uploads\/2026\/01\/torchons-copie.jpg\" width=\"154\" height=\"121\" alt=\"Cat\u00e9gorie torchons de cuisine Linandelle\" class=\"wp-image-87425 alignnone size-full\" srcset=\"https:\/\/linandelle.com\/wp-content\/uploads\/2026\/01\/torchons-copie.jpg 154w, https:\/\/linandelle.com\/wp-content\/uploads\/2026\/01\/torchons-copie-64x50.jpg 64w\" sizes=\"(max-width: 154px) 100vw, 154px\" \/><\/p>\n<p>Torchon de cuisine<\/p>\n<p>[\/et_pb_cta][et_pb_cta admin_label=\u00a0\u00bbPeignoir\u00a0\u00bb _builder_version=\u00a0\u00bb4.27.5&Prime; _module_preset=\u00a0\u00bbdefault\u00a0\u00bb body_font=\u00a0\u00bb|||on|||||\u00a0\u00bb background_color=\u00a0\u00bbRGBA(255,255,255,0)\u00a0\u00bb custom_button=\u00a0\u00bbon\u00a0\u00bb button_text_size=\u00a0\u00bb1rem\u00a0\u00bb button_text_color=\u00a0\u00bb#FFFFFF\u00a0\u00bb button_bg_color=\u00a0\u00bbRGBA(255,255,255,0)\u00a0\u00bb button_border_width=\u00a0\u00bb0px\u00a0\u00bb button_border_color=\u00a0\u00bbRGBA(255,255,255,0)\u00a0\u00bb button_border_radius=\u00a0\u00bb20px\u00a0\u00bb button_use_icon=\u00a0\u00bboff\u00a0\u00bb background_layout=\u00a0\u00bblight\u00a0\u00bb link_option_url=\u00a0\u00bbhttps:\/\/linandelle.com\/fr\/categorie\/table\/gants-et-maniques\/\u00a0\u00bb global_colors_info=\u00a0\u00bb{}\u00a0\u00bb theme_builder_area=\u00a0\u00bbpost_content\u00a0\u00bb]<\/p>\n<p><img loading=\"lazy\" decoding=\"async\" src=\"https:\/\/linandelle.com\/wp-content\/uploads\/2026\/01\/manique-copie.jpg\" width=\"154\" height=\"121\" alt=\"Cat\u00e9gorie manique Linandelle\" class=\"wp-image-87428 alignnone size-full\" srcset=\"https:\/\/linandelle.com\/wp-content\/uploads\/2026\/01\/manique-copie.jpg 154w, https:\/\/linandelle.com\/wp-content\/uploads\/2026\/01\/manique-copie-64x50.jpg 64w\" sizes=\"(max-width: 154px) 100vw, 154px\" \/><\/p>\n<p>Gant de cuisine et Manique<\/p>\n<p>[\/et_pb_cta][et_pb_cta admin_label=\u00a0\u00bbPeignoir\u00a0\u00bb _builder_version=\u00a0\u00bb4.27.5&Prime; _module_preset=\u00a0\u00bbdefault\u00a0\u00bb body_font=\u00a0\u00bb|||on|||||\u00a0\u00bb background_color=\u00a0\u00bbRGBA(255,255,255,0)\u00a0\u00bb custom_button=\u00a0\u00bbon\u00a0\u00bb button_text_size=\u00a0\u00bb1rem\u00a0\u00bb button_text_color=\u00a0\u00bb#FFFFFF\u00a0\u00bb button_bg_color=\u00a0\u00bbRGBA(255,255,255,0)\u00a0\u00bb button_border_width=\u00a0\u00bb0px\u00a0\u00bb button_border_color=\u00a0\u00bbRGBA(255,255,255,0)\u00a0\u00bb button_border_radius=\u00a0\u00bb20px\u00a0\u00bb button_use_icon=\u00a0\u00bboff\u00a0\u00bb background_layout=\u00a0\u00bblight\u00a0\u00bb link_option_url=\u00a0\u00bbhttps:\/\/linandelle.com\/fr\/categorie\/table\/gamme-en-lin\/\u00a0\u00bb global_colors_info=\u00a0\u00bb{}\u00a0\u00bb theme_builder_area=\u00a0\u00bbpost_content\u00a0\u00bb]<\/p>\n<p><img loading=\"lazy\" decoding=\"async\" src=\"https:\/\/linandelle.com\/wp-content\/uploads\/2026\/01\/gamme-lin-copie.jpg\" width=\"154\" height=\"121\" alt=\"Cat\u00e9gorie Linge de table gamme lin Linandelle\" class=\"wp-image-87427 alignnone size-full\" srcset=\"https:\/\/linandelle.com\/wp-content\/uploads\/2026\/01\/gamme-lin-copie.jpg 154w, https:\/\/linandelle.com\/wp-content\/uploads\/2026\/01\/gamme-lin-copie-64x50.jpg 64w\" sizes=\"(max-width: 154px) 100vw, 154px\" \/><\/p>\n<p>Gamme en lin<\/p>\n<p>[\/et_pb_cta][\/et_pb_column][\/et_pb_row][\/et_pb_section][et_pb_section fb_built=\u00a0\u00bb1&Prime; _builder_version=\u00a0\u00bb4.27.5&Prime; _module_preset=\u00a0\u00bbdefault\u00a0\u00bb global_colors_info=\u00a0\u00bb{}\u00a0\u00bb theme_builder_area=\u00a0\u00bbpost_content\u00a0\u00bb][et_pb_row column_structure=\u00a0\u00bb2_5,3_5&Prime; make_equal=\u00a0\u00bbon\u00a0\u00bb _builder_version=\u00a0\u00bb4.27.5&Prime; _module_preset=\u00a0\u00bbdefault\u00a0\u00bb global_colors_info=\u00a0\u00bb{}\u00a0\u00bb theme_builder_area=\u00a0\u00bbpost_content\u00a0\u00bb][et_pb_column type=\u00a0\u00bb2_5&Prime; _builder_version=\u00a0\u00bb4.27.5&Prime; _module_preset=\u00a0\u00bbdefault\u00a0\u00bb background_image=\u00a0\u00bbhttps:\/\/linandelle.com\/wp-content\/uploads\/2026\/01\/linge-cuisine-lin-hiver-linandelle.jpg\u00a0\u00bb custom_padding=\u00a0\u00bb150px||150px||false|false\u00a0\u00bb global_colors_info=\u00a0\u00bb{}\u00a0\u00bb theme_builder_area=\u00a0\u00bbpost_content\u00a0\u00bb][et_pb_divider show_divider=\u00a0\u00bboff\u00a0\u00bb _builder_version=\u00a0\u00bb4.27.5&Prime; _module_preset=\u00a0\u00bbdefault\u00a0\u00bb global_colors_info=\u00a0\u00bb{}\u00a0\u00bb theme_builder_area=\u00a0\u00bbpost_content\u00a0\u00bb][\/et_pb_divider][\/et_pb_column][et_pb_column type=\u00a0\u00bb3_5&Prime; _builder_version=\u00a0\u00bb4.27.5&Prime; _module_preset=\u00a0\u00bbdefault\u00a0\u00bb background_enable_image=\u00a0\u00bboff\u00a0\u00bb global_colors_info=\u00a0\u00bb{}\u00a0\u00bb theme_builder_area=\u00a0\u00bbpost_content\u00a0\u00bb][et_pb_text _builder_version=\u00a0\u00bb4.27.5&Prime; _module_preset=\u00a0\u00bbdefault\u00a0\u00bb header_2_font=\u00a0\u00bb|||on|||||\u00a0\u00bb header_2_line_height=\u00a0\u00bb1.5em\u00a0\u00bb locked=\u00a0\u00bboff\u00a0\u00bb global_colors_info=\u00a0\u00bb{}\u00a0\u00bb theme_builder_area=\u00a0\u00bbpost_content\u00a0\u00bb]<\/p>\n<h2><strong>Dans la cuisine<\/strong>, <br \/>des gestes simples qui font du bien<\/h2>\n<p>Cr\u00e9er et partager passe aussi par les gestes du quotidien. Essuyer la vaisselle apr\u00e8s un repas, sortir le pain encore ti\u00e8de, pr\u00e9parer un plat r\u00e9confortant\u2026 Ce sont souvent ces moments-l\u00e0 qui rendent l\u2019hiver plus doux.<\/p>\n<p>Cette semaine, les soldes mettent aussi \u00e0 l\u2019honneur les essentiels de la cuisine :<\/p>\n<ul>\n<li>lots de <a href=\"https:\/\/linandelle.com\/fr\/categorie\/table\/torchons-et-essuie-verre\/\" title=\"Tous les torchons Linandelle\">torchons<\/a> en coton jacquard, lin-coton ou nid d\u2019abeille,<\/li>\n<li><a href=\"https:\/\/linandelle.com\/fr\/categorie\/table\/bavoirs-pour-adultes\/\" title=\"Tous les tabliers de cuisine Linandelle\">tabliers<\/a> en lin ou coton nid d\u2019abeille, pratiques et confortables,<\/li>\n<li><a href=\"https:\/\/linandelle.com\/fr\/produit\/sac-a-pain-baguette-tissu-lin-france-linelle\/\" title=\"Sac \u00e0 pain en Lin Linandelle\">sacs \u00e0 pain<\/a> en lin, utiles et d\u00e9coratifs,<\/li>\n<li><a href=\"https:\/\/linandelle.com\/fr\/?s=essuies+mains&amp;post_type=product&amp;dgwt_wcas=1\" title=\"Tous les essuies-mains Linandelle\">essuies-mains<\/a> en \u00e9ponge \u00e9paisse ou en nid d\u2019abeille.<\/li>\n<\/ul>\n<p>Des textiles robustes, agr\u00e9ables \u00e0 utiliser, qui donnent envie de prendre le temps et de profiter de chaque moment pass\u00e9 en cuisine.<\/p>\n<p>[\/et_pb_text][et_pb_button button_url=\u00a0\u00bbhttps:\/\/linandelle.com\/fr\/categorie\/table\/\u00a0\u00bb button_text=\u00a0\u00bbD\u00e9couvrir les soldes linge de cuisine\u00a0\u00bb button_alignment=\u00a0\u00bbleft\u00a0\u00bb button_alignment_tablet=\u00a0\u00bbleft\u00a0\u00bb button_alignment_phone=\u00a0\u00bbcenter\u00a0\u00bb button_alignment_last_edited=\u00a0\u00bbon|phone\u00a0\u00bb _builder_version=\u00a0\u00bb4.27.5&Prime; _module_preset=\u00a0\u00bbdefault\u00a0\u00bb custom_button=\u00a0\u00bbon\u00a0\u00bb button_text_size=\u00a0\u00bb1rem\u00a0\u00bb button_text_color=\u00a0\u00bb#154741&Prime; button_bg_color=\u00a0\u00bb#FFFFFF\u00a0\u00bb button_border_width=\u00a0\u00bb1px\u00a0\u00bb button_border_color=\u00a0\u00bb#154741&Prime; button_font=\u00a0\u00bb&#8211;et_global_body_font||||on|||#FFFFFF|\u00a0\u00bb button_use_icon=\u00a0\u00bboff\u00a0\u00bb locked=\u00a0\u00bboff\u00a0\u00bb global_colors_info=\u00a0\u00bb{}\u00a0\u00bb button_border_color__hover_enabled=\u00a0\u00bbon|hover\u00a0\u00bb button_border_color__hover=\u00a0\u00bb#4D716C\u00a0\u00bb theme_builder_area=\u00a0\u00bbpost_content\u00a0\u00bb][\/et_pb_button][et_pb_text _builder_version=\u00a0\u00bb4.27.5&Prime; _module_preset=\u00a0\u00bbdefault\u00a0\u00bb text_font_size=\u00a0\u00bb0.8rem\u00a0\u00bb global_colors_info=\u00a0\u00bb{}\u00a0\u00bb theme_builder_area=\u00a0\u00bbpost_content\u00a0\u00bb]<\/p>\n<p>Photo : <a href=\"https:\/\/linandelle.com\/fr\/produit\/tablier-100-lin-reglable-ajustable-made-in-france\/\" title=\"Tablier adulte r\u00e9glable Linandelle 100% lin\">Tablier adulte 100% lin<\/a> &#8211; <a href=\"https:\/\/linandelle.com\/fr\/produit\/lot-de-6-torchons-de-cuisine-pur-lin-rouge-normandie\/\">Torchon de cuisine pur lin Normandie<\/a> &#8211; <a href=\"https:\/\/linandelle.com\/fr\/produit\/gant-de-cuisine-et-manique-100-lin-linelle\/\">Gant et Manique 100% lin<\/a><\/p>\n<p>[\/et_pb_text][\/et_pb_column][\/et_pb_row][\/et_pb_section][et_pb_section fb_built=\u00a0\u00bb1&Prime; _builder_version=\u00a0\u00bb4.27.5&Prime; _module_preset=\u00a0\u00bbdefault\u00a0\u00bb global_colors_info=\u00a0\u00bb{}\u00a0\u00bb theme_builder_area=\u00a0\u00bbpost_content\u00a0\u00bb][et_pb_row column_structure=\u00a0\u00bb3_5,2_5&Prime; make_equal=\u00a0\u00bbon\u00a0\u00bb _builder_version=\u00a0\u00bb4.27.5&Prime; _module_preset=\u00a0\u00bbdefault\u00a0\u00bb global_colors_info=\u00a0\u00bb{}\u00a0\u00bb theme_builder_area=\u00a0\u00bbpost_content\u00a0\u00bb][et_pb_column type=\u00a0\u00bb3_5&Prime; _builder_version=\u00a0\u00bb4.27.5&Prime; _module_preset=\u00a0\u00bbdefault\u00a0\u00bb custom_padding=\u00a0\u00bb||||false|false\u00a0\u00bb global_colors_info=\u00a0\u00bb{}\u00a0\u00bb theme_builder_area=\u00a0\u00bbpost_content\u00a0\u00bb][et_pb_text _builder_version=\u00a0\u00bb4.27.5&Prime; _module_preset=\u00a0\u00bbdefault\u00a0\u00bb header_2_font=\u00a0\u00bb|||on|||||\u00a0\u00bb header_2_line_height=\u00a0\u00bb1.5em\u00a0\u00bb locked=\u00a0\u00bboff\u00a0\u00bb global_colors_info=\u00a0\u00bb{}\u00a0\u00bb theme_builder_area=\u00a0\u00bbpost_content\u00a0\u00bb]<\/p>\n<h2>Les soir\u00e9es d\u2019hiver,<br \/><strong>un terrain de jeu pour la cr\u00e9ativit\u00e9<\/strong><\/h2>\n<p>Quand il fait froid dehors, on aime aussi s\u2019occuper autrement. Couture, petits projets maison, cr\u00e9ations textiles\u2026 l\u2019hiver est souvent la saison id\u00e9ale pour laisser parler son imagination.<\/p>\n<p>Les <a href=\"https:\/\/linandelle.com\/fr\/categorie\/tissus-au-metre\/\" title=\"Tissus au m\u00e8tre Linandelle\">tissus au m\u00e8tre<\/a>, eux aussi en soldes cette semaine, vous permettent de cr\u00e9er librement :<\/p>\n<ul>\n<li><a href=\"https:\/\/linandelle.com\/fr\/categorie\/tissus-au-metre\/tissu-100-coton-au-metre\/\" title=\"Tissus Coton au m\u00e8tre Linandelle\">coton<\/a> uni ou \u00e0 motifs,<\/li>\n<li>carreaux normands vichy <a href=\"https:\/\/linandelle.com\/fr\/produit\/tissu-a-nappe-coton-carreaux-normands-rouge-et-blanc\/\" title=\"Tissus coton carreaux normands rouge Linandelle\">rouge<\/a> ou <a href=\"https:\/\/linandelle.com\/fr\/produit\/tissu-a-nappe-coton-carreaux-normands-bleu-et-blanc\/\" title=\"Tissus carreaux normands au m\u00e8tre Linandelle\">bleu<\/a>,<\/li>\n<li><a href=\"https:\/\/linandelle.com\/fr\/categorie\/tissus-au-metre\/tissu-100-lin-au-metre\/\" title=\"Tissus lin au m\u00e8tre Linandelle\">lin<\/a>,<\/li>\n<li><a href=\"https:\/\/linandelle.com\/fr\/categorie\/tissus-au-metre\/tissus-nid-dabeilles-100-france\/\" title=\"Tissus nid d'abeille au m\u00e8tre Linandelle\">nid d\u2019abeille<\/a>,<\/li>\n<li><a href=\"https:\/\/linandelle.com\/fr\/categorie\/tissus-au-metre\/tissu-eponge-au-metre\/\" title=\"Tissus \u00e9ponge au m\u00e8tre Linandelle\">bouclette \u00e9ponge<\/a>.<\/li>\n<\/ul>\n<p>De quoi imaginer une nappe sur mesure, des serviettes assorties, des torchons personnalis\u00e9s ou des projets simples pour la maison. Une fa\u00e7on douce et cr\u00e9ative de rendre votre int\u00e9rieur encore plus vivant.<\/p>\n<p>[\/et_pb_text][et_pb_button button_url=\u00a0\u00bbhttps:\/\/linandelle.com\/fr\/categorie\/tissus-au-metre\/\u00a0\u00bb button_text=\u00a0\u00bbD\u00e9couvrir les tissus au m\u00e8tre en soldes\u00a0\u00bb button_alignment=\u00a0\u00bbleft\u00a0\u00bb button_alignment_tablet=\u00a0\u00bbleft\u00a0\u00bb button_alignment_phone=\u00a0\u00bbcenter\u00a0\u00bb button_alignment_last_edited=\u00a0\u00bbon|phone\u00a0\u00bb _builder_version=\u00a0\u00bb4.27.5&Prime; _module_preset=\u00a0\u00bbdefault\u00a0\u00bb custom_button=\u00a0\u00bbon\u00a0\u00bb button_text_size=\u00a0\u00bb1rem\u00a0\u00bb button_text_color=\u00a0\u00bb#154741&Prime; button_bg_color=\u00a0\u00bb#FFFFFF\u00a0\u00bb button_border_width=\u00a0\u00bb1px\u00a0\u00bb button_border_color=\u00a0\u00bb#4D716C\u00a0\u00bb button_font=\u00a0\u00bb&#8211;et_global_body_font||||on|||#FFFFFF|\u00a0\u00bb button_use_icon=\u00a0\u00bboff\u00a0\u00bb locked=\u00a0\u00bboff\u00a0\u00bb global_colors_info=\u00a0\u00bb{}\u00a0\u00bb button_border_color__hover_enabled=\u00a0\u00bbon|desktop\u00a0\u00bb button_border_color__hover=\u00a0\u00bb#4D716C\u00a0\u00bb theme_builder_area=\u00a0\u00bbpost_content\u00a0\u00bb][\/et_pb_button][et_pb_text _builder_version=\u00a0\u00bb4.27.5&Prime; _module_preset=\u00a0\u00bbdefault\u00a0\u00bb text_font_size=\u00a0\u00bb0.8rem\u00a0\u00bb global_colors_info=\u00a0\u00bb{}\u00a0\u00bb theme_builder_area=\u00a0\u00bbpost_content\u00a0\u00bb]<\/p>\n<p>Photo : <a href=\"https:\/\/linandelle.com\/fr\/produit\/tissu-au-metre-100lin-terracota\/\">Tissus au m\u00e8tre 100% Lin Terracota<\/a><\/p>\n<p>[\/et_pb_text][\/et_pb_column][et_pb_column type=\u00a0\u00bb2_5&Prime; _builder_version=\u00a0\u00bb4.27.5&Prime; _module_preset=\u00a0\u00bbdefault\u00a0\u00bb background_image=\u00a0\u00bbhttps:\/\/linandelle.com\/wp-content\/uploads\/2026\/01\/tissus-metre-couture-hiver-linandelle.jpg\u00a0\u00bb custom_padding=\u00a0\u00bb150px||150px||false|false\u00a0\u00bb global_colors_info=\u00a0\u00bb{}\u00a0\u00bb theme_builder_area=\u00a0\u00bbpost_content\u00a0\u00bb][et_pb_divider show_divider=\u00a0\u00bboff\u00a0\u00bb _builder_version=\u00a0\u00bb4.27.5&Prime; _module_preset=\u00a0\u00bbdefault\u00a0\u00bb global_colors_info=\u00a0\u00bb{}\u00a0\u00bb theme_builder_area=\u00a0\u00bbpost_content\u00a0\u00bb][\/et_pb_divider][\/et_pb_column][\/et_pb_row][\/et_pb_section][et_pb_section fb_built=\u00a0\u00bb1&Prime; inner_shadow=\u00a0\u00bbon\u00a0\u00bb admin_label=\u00a0\u00bbBien choisir son linge\u00a0\u00bb _builder_version=\u00a0\u00bb4.27.5&Prime; _module_preset=\u00a0\u00bbdefault\u00a0\u00bb background_color=\u00a0\u00bbRGBA(255,255,255,0)\u00a0\u00bb custom_padding=\u00a0\u00bb0px|0px|0px|0px|false|false\u00a0\u00bb locked=\u00a0\u00bboff\u00a0\u00bb global_colors_info=\u00a0\u00bb{}\u00a0\u00bb theme_builder_area=\u00a0\u00bbpost_content\u00a0\u00bb][et_pb_row make_equal=\u00a0\u00bbon\u00a0\u00bb _builder_version=\u00a0\u00bb4.27.5&Prime; _module_preset=\u00a0\u00bbdefault\u00a0\u00bb background_color=\u00a0\u00bb#fbf9f6&Prime; module_alignment=\u00a0\u00bbcenter\u00a0\u00bb custom_padding=\u00a0\u00bb0px||0px||false|false\u00a0\u00bb box_shadow_style=\u00a0\u00bbpreset6&Prime; box_shadow_blur=\u00a0\u00bb10px\u00a0\u00bb box_shadow_spread=\u00a0\u00bb-5px\u00a0\u00bb global_colors_info=\u00a0\u00bb{}\u00a0\u00bb theme_builder_area=\u00a0\u00bbpost_content\u00a0\u00bb][et_pb_column type=\u00a0\u00bb4_4&Prime; _builder_version=\u00a0\u00bb4.27.5&Prime; _module_preset=\u00a0\u00bbdefault\u00a0\u00bb background_color=\u00a0\u00bbRGBA(255,255,255,0)\u00a0\u00bb background_enable_image=\u00a0\u00bboff\u00a0\u00bb background_position=\u00a0\u00bbbottom_right\u00a0\u00bb background_horizontal_offset=\u00a0\u00bb10%\u00a0\u00bb background_blend=\u00a0\u00bbsoft-light\u00a0\u00bb custom_padding=\u00a0\u00bb2rem|2rem|2rem|2rem|false|false\u00a0\u00bb global_colors_info=\u00a0\u00bb{}\u00a0\u00bb theme_builder_area=\u00a0\u00bbpost_content\u00a0\u00bb][et_pb_text _builder_version=\u00a0\u00bb4.27.5&Prime; _module_preset=\u00a0\u00bbdefault\u00a0\u00bb header_2_font=\u00a0\u00bb|||on|||||\u00a0\u00bb header_2_text_align=\u00a0\u00bbcenter\u00a0\u00bb header_2_line_height=\u00a0\u00bb1.5em\u00a0\u00bb text_orientation=\u00a0\u00bbcenter\u00a0\u00bb custom_margin=\u00a0\u00bb0px||||false|false\u00a0\u00bb global_colors_info=\u00a0\u00bb{}\u00a0\u00bb theme_builder_area=\u00a0\u00bbpost_content\u00a0\u00bb]<\/p>\n<h2><strong>Bien dormir<\/strong> fait aussi partie du bien-\u00eatre en hiver<\/h2>\n<p>Parce que l\u2019hiver est aussi fait pour bien dormir, le <strong>linge de lit reste en promotion<\/strong> cette semaine. Des mati\u00e8res enveloppantes, pens\u00e9es pour les nuits fra\u00eeches, id\u00e9ales pour prolonger l\u2019esprit cocooning jusque dans la chambre.<\/p>\n<p>[\/et_pb_text][et_pb_button button_url=\u00a0\u00bbhttps:\/\/linandelle.com\/fr\/choisir-linge-de-lit-hiver\/\u00a0\u00bb button_text=\u00a0\u00bbD\u00e9couvrir le linge de lit sp\u00e9cial hiver\u00a0\u00bb button_alignment=\u00a0\u00bbcenter\u00a0\u00bb button_alignment_tablet=\u00a0\u00bbleft\u00a0\u00bb button_alignment_phone=\u00a0\u00bbcenter\u00a0\u00bb button_alignment_last_edited=\u00a0\u00bbon|phone\u00a0\u00bb _builder_version=\u00a0\u00bb4.27.5&Prime; _module_preset=\u00a0\u00bbdefault\u00a0\u00bb custom_button=\u00a0\u00bbon\u00a0\u00bb button_text_size=\u00a0\u00bb1.25rem\u00a0\u00bb button_font=\u00a0\u00bb&#8211;et_global_body_font|300|||on|||#154741|\u00a0\u00bb button_use_icon=\u00a0\u00bboff\u00a0\u00bb locked=\u00a0\u00bboff\u00a0\u00bb global_colors_info=\u00a0\u00bb{}\u00a0\u00bb theme_builder_area=\u00a0\u00bbpost_content\u00a0\u00bb][\/et_pb_button][\/et_pb_column][\/et_pb_row][\/et_pb_section][et_pb_section fb_built=\u00a0\u00bb1&Prime; _builder_version=\u00a0\u00bb4.27.5&Prime; _module_preset=\u00a0\u00bbdefault\u00a0\u00bb global_colors_info=\u00a0\u00bb{}\u00a0\u00bb theme_builder_area=\u00a0\u00bbpost_content\u00a0\u00bb][et_pb_row make_equal=\u00a0\u00bbon\u00a0\u00bb _builder_version=\u00a0\u00bb4.27.5&Prime; _module_preset=\u00a0\u00bbdefault\u00a0\u00bb global_colors_info=\u00a0\u00bb{}\u00a0\u00bb theme_builder_area=\u00a0\u00bbpost_content\u00a0\u00bb][et_pb_column type=\u00a0\u00bb4_4&Prime; _builder_version=\u00a0\u00bb4.27.5&Prime; _module_preset=\u00a0\u00bbdefault\u00a0\u00bb custom_padding=\u00a0\u00bb||||false|false\u00a0\u00bb global_colors_info=\u00a0\u00bb{}\u00a0\u00bb theme_builder_area=\u00a0\u00bbpost_content\u00a0\u00bb][et_pb_text _builder_version=\u00a0\u00bb4.27.5&Prime; _module_preset=\u00a0\u00bbdefault\u00a0\u00bb header_2_font=\u00a0\u00bb|||on|||||\u00a0\u00bb header_2_line_height=\u00a0\u00bb1.5em\u00a0\u00bb locked=\u00a0\u00bboff\u00a0\u00bb global_colors_info=\u00a0\u00bb{}\u00a0\u00bb theme_builder_area=\u00a0\u00bbpost_content\u00a0\u00bb]<\/p>\n<h2><strong>Bons plans<\/strong> : les petits d\u00e9tails qui changent tout<\/h2>\n<p>Parfois, ce sont les d\u00e9tails qui font la diff\u00e9rence. Un lot de mouchoirs en tissu, des serviettes invit\u00e9es, un bavoir adulte en lin naturel\u2026 Des pi\u00e8ces simples, utiles, qui trouvent naturellement leur place dans la maison.<\/p>\n<p>Les bons plans \u00e0 \u201340 % permettent justement de compl\u00e9ter ses essentiels sans h\u00e9siter, et d\u2019am\u00e9liorer le confort du quotidien, pi\u00e8ce apr\u00e8s pi\u00e8ce.<\/p>\n<p>[\/et_pb_text][et_pb_button button_url=\u00a0\u00bbhttps:\/\/linandelle.com\/fr\/categorie\/fins-de-series\/\u00a0\u00bb button_text=\u00a0\u00bbD\u00e9couvrir les soldes bons plans\u00a0\u00bb button_alignment=\u00a0\u00bbleft\u00a0\u00bb button_alignment_tablet=\u00a0\u00bbleft\u00a0\u00bb button_alignment_phone=\u00a0\u00bbcenter\u00a0\u00bb button_alignment_last_edited=\u00a0\u00bbon|phone\u00a0\u00bb _builder_version=\u00a0\u00bb4.27.5&Prime; _module_preset=\u00a0\u00bbdefault\u00a0\u00bb custom_button=\u00a0\u00bbon\u00a0\u00bb button_text_size=\u00a0\u00bb1rem\u00a0\u00bb button_text_color=\u00a0\u00bb#154741&Prime; button_bg_color=\u00a0\u00bb#FFFFFF\u00a0\u00bb button_border_width=\u00a0\u00bb1px\u00a0\u00bb button_border_color=\u00a0\u00bb#4D716C\u00a0\u00bb button_font=\u00a0\u00bb&#8211;et_global_body_font||||on|||#FFFFFF|\u00a0\u00bb button_use_icon=\u00a0\u00bboff\u00a0\u00bb locked=\u00a0\u00bboff\u00a0\u00bb global_colors_info=\u00a0\u00bb{}\u00a0\u00bb button_border_color__hover_enabled=\u00a0\u00bbon|desktop\u00a0\u00bb button_border_color__hover=\u00a0\u00bb#4D716C\u00a0\u00bb theme_builder_area=\u00a0\u00bbpost_content\u00a0\u00bb][\/et_pb_button][\/et_pb_column][\/et_pb_row][\/et_pb_section][et_pb_section fb_built=\u00a0\u00bb1&Prime; admin_label=\u00a0\u00bbBien choisir son linge\u00a0\u00bb _builder_version=\u00a0\u00bb4.27.5&Prime; _module_preset=\u00a0\u00bbdefault\u00a0\u00bb background_color=\u00a0\u00bbRGBA(255,255,255,0)\u00a0\u00bb custom_padding=\u00a0\u00bb0px|0px|0px|0px|false|false\u00a0\u00bb locked=\u00a0\u00bboff\u00a0\u00bb global_colors_info=\u00a0\u00bb{}\u00a0\u00bb theme_builder_area=\u00a0\u00bbpost_content\u00a0\u00bb][et_pb_row column_structure=\u00a0\u00bb2_5,3_5&Prime; make_equal=\u00a0\u00bbon\u00a0\u00bb _builder_version=\u00a0\u00bb4.27.5&Prime; _module_preset=\u00a0\u00bbdefault\u00a0\u00bb background_color=\u00a0\u00bb#fbf9f6&Prime; module_alignment=\u00a0\u00bbcenter\u00a0\u00bb custom_padding=\u00a0\u00bb0px||0px||false|false\u00a0\u00bb box_shadow_style=\u00a0\u00bbpreset6&Prime; box_shadow_blur=\u00a0\u00bb10px\u00a0\u00bb box_shadow_spread=\u00a0\u00bb-5px\u00a0\u00bb global_colors_info=\u00a0\u00bb{}\u00a0\u00bb theme_builder_area=\u00a0\u00bbpost_content\u00a0\u00bb][et_pb_column type=\u00a0\u00bb2_5&Prime; _builder_version=\u00a0\u00bb4.27.5&Prime; _module_preset=\u00a0\u00bbdefault\u00a0\u00bb background_color=\u00a0\u00bbRGBA(255,255,255,0)\u00a0\u00bb background_image=\u00a0\u00bbhttps:\/\/linandelle.com\/wp-content\/uploads\/2026\/01\/banniere-soldes-S3-20260121.jpg\u00a0\u00bb background_position=\u00a0\u00bbbottom_right\u00a0\u00bb background_horizontal_offset=\u00a0\u00bb10%\u00a0\u00bb background_blend=\u00a0\u00bbsoft-light\u00a0\u00bb custom_padding=\u00a0\u00bb2rem|2rem|2rem|2rem|false|false\u00a0\u00bb global_colors_info=\u00a0\u00bb{}\u00a0\u00bb theme_builder_area=\u00a0\u00bbpost_content\u00a0\u00bb][et_pb_divider show_divider=\u00a0\u00bboff\u00a0\u00bb _builder_version=\u00a0\u00bb4.27.5&Prime; _module_preset=\u00a0\u00bbdefault\u00a0\u00bb global_colors_info=\u00a0\u00bb{}\u00a0\u00bb theme_builder_area=\u00a0\u00bbpost_content\u00a0\u00bb][\/et_pb_divider][\/et_pb_column][et_pb_column type=\u00a0\u00bb3_5&Prime; _builder_version=\u00a0\u00bb4.27.5&Prime; _module_preset=\u00a0\u00bbdefault\u00a0\u00bb custom_padding=\u00a0\u00bb2rem|2rem|2rem|2rem|false|false\u00a0\u00bb global_colors_info=\u00a0\u00bb{}\u00a0\u00bb theme_builder_area=\u00a0\u00bbpost_content\u00a0\u00bb][et_pb_text _builder_version=\u00a0\u00bb4.27.5&Prime; _module_preset=\u00a0\u00bbdefault\u00a0\u00bb header_2_font=\u00a0\u00bb|||on|||||\u00a0\u00bb header_2_line_height=\u00a0\u00bb1.5em\u00a0\u00bb custom_margin=\u00a0\u00bb0px||||false|false\u00a0\u00bb global_colors_info=\u00a0\u00bb{}\u00a0\u00bb theme_builder_area=\u00a0\u00bbpost_content\u00a0\u00bb]<\/p>\n<h2>Les <strong>soldes d\u2019hiver<\/strong> :\u00a0<br \/>une invitation \u00e0 la douceur<\/h2>\n<p>Cette deuxi\u00e8me semaine des soldes s\u2019inscrit dans une continuit\u00e9 naturelle : apr\u00e8s le repos retrouv\u00e9, vient le temps de <strong>prendre soin de soi et de ceux que l\u2019on aime<\/strong>.<\/p>\n<p><strong>D\u00e9couvrez l\u2019ensemble des articles sold\u00e9s <\/strong>et laissez-vous guider vers des mati\u00e8res douces, absorbantes et r\u00e9confortantes, pens\u00e9es pour accompagner l\u2019hiver avec \u00e9l\u00e9gance.<\/p>\n<p>[\/et_pb_text][et_pb_button button_url=\u00a0\u00bbhttps:\/\/linandelle.com\/fr\/promo-linandelle\/\u00a0\u00bb button_text=\u00a0\u00bbD\u00e9couvrir tous les articles sold\u00e9s\u00a0\u00bb button_alignment=\u00a0\u00bbleft\u00a0\u00bb button_alignment_tablet=\u00a0\u00bbleft\u00a0\u00bb button_alignment_phone=\u00a0\u00bbcenter\u00a0\u00bb button_alignment_last_edited=\u00a0\u00bbon|phone\u00a0\u00bb _builder_version=\u00a0\u00bb4.27.5&Prime; _module_preset=\u00a0\u00bbdefault\u00a0\u00bb custom_button=\u00a0\u00bbon\u00a0\u00bb button_text_size=\u00a0\u00bb1.25rem\u00a0\u00bb button_font=\u00a0\u00bb&#8211;et_global_body_font|300|||on|||#154741|\u00a0\u00bb button_use_icon=\u00a0\u00bboff\u00a0\u00bb locked=\u00a0\u00bboff\u00a0\u00bb global_colors_info=\u00a0\u00bb{}\u00a0\u00bb theme_builder_area=\u00a0\u00bbpost_content\u00a0\u00bb][\/et_pb_button][\/et_pb_column][\/et_pb_row][et_pb_row _builder_version=\u00a0\u00bb4.27.5&Prime; _module_preset=\u00a0\u00bbdefault\u00a0\u00bb background_color=\u00a0\u00bbRGBA(255,255,255,0)\u00a0\u00bb global_colors_info=\u00a0\u00bb{}\u00a0\u00bb theme_builder_area=\u00a0\u00bbpost_content\u00a0\u00bb][et_pb_column type=\u00a0\u00bb4_4&Prime; _builder_version=\u00a0\u00bb4.27.5&Prime; _module_preset=\u00a0\u00bbdefault\u00a0\u00bb global_colors_info=\u00a0\u00bb{}\u00a0\u00bb theme_builder_area=\u00a0\u00bbpost_content\u00a0\u00bb][et_pb_text _builder_version=\u00a0\u00bb4.27.5&Prime; _module_preset=\u00a0\u00bbdefault\u00a0\u00bb text_font=\u00a0\u00bb||on||||||\u00a0\u00bb text_orientation=\u00a0\u00bbcenter\u00a0\u00bb global_colors_info=\u00a0\u00bb{}\u00a0\u00bb theme_builder_area=\u00a0\u00bbpost_content\u00a0\u00bb]<\/p>\n<p>Soldes valables <strong>du 7 janvier au 3 f\u00e9vrier 2026 inclus<\/strong>, sur une s\u00e9lection de produits, dans la limite des stocks disponibles.<\/p>\n<p>[\/et_pb_text][\/et_pb_column][\/et_pb_row][\/et_pb_section][et_pb_section fb_built=\u00a0\u00bb1&Prime; inner_shadow=\u00a0\u00bbon\u00a0\u00bb admin_label=\u00a0\u00bbBien choisir son linge\u00a0\u00bb _builder_version=\u00a0\u00bb4.27.5&Prime; _module_preset=\u00a0\u00bbdefault\u00a0\u00bb background_color=\u00a0\u00bb#FBF9F6&Prime; background_image=\u00a0\u00bbhttps:\/\/linandelle.com\/wp-content\/uploads\/2025\/12\/Mail.png\u00a0\u00bb background_size=\u00a0\u00bbinitial\u00a0\u00bb background_position=\u00a0\u00bbbottom_right\u00a0\u00bb background_horizontal_offset=\u00a0\u00bb5%\u00a0\u00bb custom_margin=\u00a0\u00bb3rem||||false|false\u00a0\u00bb custom_padding=\u00a0\u00bb0px|0px|0px|0px|false|false\u00a0\u00bb locked=\u00a0\u00bboff\u00a0\u00bb global_colors_info=\u00a0\u00bb{}\u00a0\u00bb theme_builder_area=\u00a0\u00bbpost_content\u00a0\u00bb][et_pb_row make_equal=\u00a0\u00bbon\u00a0\u00bb _builder_version=\u00a0\u00bb4.27.5&Prime; _module_preset=\u00a0\u00bbdefault\u00a0\u00bb module_alignment=\u00a0\u00bbcenter\u00a0\u00bb custom_padding=\u00a0\u00bb0px||0px||false|false\u00a0\u00bb global_colors_info=\u00a0\u00bb{}\u00a0\u00bb theme_builder_area=\u00a0\u00bbpost_content\u00a0\u00bb][et_pb_column type=\u00a0\u00bb4_4&Prime; _builder_version=\u00a0\u00bb4.27.5&Prime; _module_preset=\u00a0\u00bbdefault\u00a0\u00bb custom_padding=\u00a0\u00bb2rem|2rem|2rem|2rem|false|false\u00a0\u00bb global_colors_info=\u00a0\u00bb{}\u00a0\u00bb theme_builder_area=\u00a0\u00bbpost_content\u00a0\u00bb][et_pb_text _builder_version=\u00a0\u00bb4.27.5&Prime; _module_preset=\u00a0\u00bbdefault\u00a0\u00bb header_2_font=\u00a0\u00bb|||on|||||\u00a0\u00bb header_2_line_height=\u00a0\u00bb1.5em\u00a0\u00bb custom_margin=\u00a0\u00bb0px||||false|false\u00a0\u00bb global_colors_info=\u00a0\u00bb{}\u00a0\u00bb theme_builder_area=\u00a0\u00bbpost_content\u00a0\u00bb]<\/p>\n<h2><strong>Rejoindre la communaut\u00e9<\/strong> Linandelle<\/h2>\n<p>D\u2019autres attentions pourraient bien suivre\u2026 en vous inscrivant \u00e0 notre <strong>newsletter<\/strong>, vous profitez :<\/p>\n<ul>\n<li>d\u2019offres exclusives,<\/li>\n<li>d\u2019avant-premi\u00e8res,<\/li>\n<li>d\u2019id\u00e9es d\u00e9co et inspirations autour du linge de maison,<\/li>\n<li>et de contenus pens\u00e9s pour vous accompagner au fil des saisons.<\/li>\n<\/ul>\n<p>[\/et_pb_text][et_pb_button button_url=\u00a0\u00bbhttps:\/\/linandelle.com\/fr\/inscription-newsletter\/\u00a0\u00bb button_text=\u00a0\u00bbJe m\u2019inscris \u00e0 la newsletter Linandelle\u00a0\u00bb button_alignment=\u00a0\u00bbleft\u00a0\u00bb button_alignment_tablet=\u00a0\u00bbleft\u00a0\u00bb button_alignment_phone=\u00a0\u00bbcenter\u00a0\u00bb button_alignment_last_edited=\u00a0\u00bbon|phone\u00a0\u00bb _builder_version=\u00a0\u00bb4.27.5&Prime; _module_preset=\u00a0\u00bbdefault\u00a0\u00bb custom_button=\u00a0\u00bbon\u00a0\u00bb button_text_size=\u00a0\u00bb1.25rem\u00a0\u00bb button_font=\u00a0\u00bb&#8211;et_global_body_font|300|||on|||#154741|\u00a0\u00bb button_use_icon=\u00a0\u00bboff\u00a0\u00bb locked=\u00a0\u00bboff\u00a0\u00bb global_colors_info=\u00a0\u00bb{}\u00a0\u00bb theme_builder_area=\u00a0\u00bbpost_content\u00a0\u00bb][\/et_pb_button][\/et_pb_column][\/et_pb_row][\/et_pb_section]<\/p>\n","protected":false},"excerpt":{"rendered":"<p>Quand l\u2019hiver s\u2019installe vraiment, que les journ\u00e9es raccourcissent et que le froid s\u2019invite dehors, quelque chose change \u00e0 l\u2019int\u00e9rieur. On ralentit. On reste plus volontiers \u00e0 la maison. On prend le temps. Ces soir\u00e9es d\u2019hiver sont souvent celles o\u00f9 l\u2019on cuisine un peu plus longtemps, o\u00f9 l\u2019on dresse la table m\u00eame sans occasion particuli\u00e8re, o\u00f9 [&hellip;]<\/p>\n","protected":false},"author":14757,"featured_media":87411,"comment_status":"closed","ping_status":"open","sticky":false,"template":"","format":"standard","meta":{"_et_pb_use_builder":"on","_et_pb_old_content":"","_et_gb_content_width":"","footnotes":""},"categories":[899,1],"tags":[],"class_list":["post-87410","post","type-post","status-publish","format-standard","has-post-thumbnail","hentry","category-actualites-et-evenements","category-blog-linge-de-maison-linandelle"],"yoast_head":"<!-- This site is optimized with the Yoast SEO Premium plugin v27.5 (Yoast SEO v27.5) - https:\/\/yoast.com\/product\/yoast-seo-premium-wordpress\/ -->\n<title>Soldes linge de table &amp; tissus : cr\u00e9er et partager en hiver - Linandelle<\/title>\n<meta name=\"description\" content=\"Profitez des soldes d\u2019hiver Linandelle sur le linge de table, les tissus au m\u00e8tre et les essentiels de la cuisine. Jusqu\u2019\u00e0 -40 % pour cr\u00e9er, partager et vivre l\u2019hiver autrement.\" \/>\n<meta name=\"robots\" content=\"index, follow, max-snippet:-1, max-image-preview:large, max-video-preview:-1\" \/>\n<link rel=\"canonical\" href=\"https:\/\/linandelle.com\/fr\/soldes-linge-de-table-tissus-hiver\/\" \/>\n<meta property=\"og:locale\" content=\"fr_FR\" \/>\n<meta property=\"og:type\" content=\"article\" \/>\n<meta property=\"og:title\" content=\"Soldes linge de table &amp; tissus : cr\u00e9er et partager en hiver - Linandelle\" \/>\n<meta property=\"og:description\" content=\"Profitez des soldes d\u2019hiver Linandelle sur le linge de table, les tissus au m\u00e8tre et les essentiels de la cuisine. Jusqu\u2019\u00e0 -40 % pour cr\u00e9er, partager et vivre l\u2019hiver autrement.\" \/>\n<meta property=\"og:url\" content=\"https:\/\/linandelle.com\/fr\/soldes-linge-de-table-tissus-hiver\/\" \/>\n<meta property=\"og:site_name\" content=\"Linandelle\" \/>\n<meta property=\"article:publisher\" content=\"https:\/\/www.facebook.com\/Linandelle\" \/>\n<meta property=\"article:published_time\" content=\"2026-01-21T15:36:45+00:00\" \/>\n<meta property=\"article:modified_time\" content=\"2026-01-27T22:20:17+00:00\" \/>\n<meta property=\"og:image\" content=\"https:\/\/linandelle.com\/wp-content\/uploads\/2026\/01\/linge-table-tissus-hiver-linandelle.jpg\" \/>\n\t<meta property=\"og:image:width\" content=\"800\" \/>\n\t<meta property=\"og:image:height\" content=\"500\" \/>\n\t<meta property=\"og:image:type\" content=\"image\/jpeg\" \/>\n<meta name=\"author\" content=\"Marie\" \/>\n<meta name=\"twitter:card\" content=\"summary_large_image\" \/>\n<meta name=\"twitter:label1\" content=\"\u00c9crit par\" \/>\n\t<meta name=\"twitter:data1\" content=\"Marie\" \/>\n\t<meta name=\"twitter:label2\" content=\"Dur\u00e9e de lecture estim\u00e9e\" \/>\n\t<meta name=\"twitter:data2\" content=\"6 minutes\" \/>\n<script type=\"application\/ld+json\" class=\"yoast-schema-graph\">{\"@context\":\"https:\\\/\\\/schema.org\",\"@graph\":[{\"@type\":\"Article\",\"@id\":\"https:\\\/\\\/linandelle.com\\\/fr\\\/soldes-linge-de-table-tissus-hiver\\\/#article\",\"isPartOf\":{\"@id\":\"https:\\\/\\\/linandelle.com\\\/fr\\\/soldes-linge-de-table-tissus-hiver\\\/\"},\"author\":{\"name\":\"Marie\",\"@id\":\"https:\\\/\\\/linandelle.com\\\/fr\\\/#\\\/schema\\\/person\\\/3d5b1bff83fead500b5cd542fa10e97c\"},\"headline\":\"Soldes linge de table &amp; tissus : cr\u00e9er et partager pendant les soir\u00e9es d\u2019hiver\",\"datePublished\":\"2026-01-21T15:36:45+00:00\",\"dateModified\":\"2026-01-27T22:20:17+00:00\",\"mainEntityOfPage\":{\"@id\":\"https:\\\/\\\/linandelle.com\\\/fr\\\/soldes-linge-de-table-tissus-hiver\\\/\"},\"wordCount\":3674,\"publisher\":{\"@id\":\"https:\\\/\\\/linandelle.com\\\/fr\\\/#organization\"},\"image\":{\"@id\":\"https:\\\/\\\/linandelle.com\\\/fr\\\/soldes-linge-de-table-tissus-hiver\\\/#primaryimage\"},\"thumbnailUrl\":\"https:\\\/\\\/linandelle.com\\\/wp-content\\\/uploads\\\/2026\\\/01\\\/linge-table-tissus-hiver-linandelle.jpg\",\"articleSection\":[\"Actualit\u00e9s &amp; \u00e9v\u00e9nements\",\"Blog linge de maison Linandelle\"],\"inLanguage\":\"fr-FR\"},{\"@type\":\"WebPage\",\"@id\":\"https:\\\/\\\/linandelle.com\\\/fr\\\/soldes-linge-de-table-tissus-hiver\\\/\",\"url\":\"https:\\\/\\\/linandelle.com\\\/fr\\\/soldes-linge-de-table-tissus-hiver\\\/\",\"name\":\"Soldes linge de table & tissus : cr\u00e9er et partager en hiver - Linandelle\",\"isPartOf\":{\"@id\":\"https:\\\/\\\/linandelle.com\\\/fr\\\/#website\"},\"primaryImageOfPage\":{\"@id\":\"https:\\\/\\\/linandelle.com\\\/fr\\\/soldes-linge-de-table-tissus-hiver\\\/#primaryimage\"},\"image\":{\"@id\":\"https:\\\/\\\/linandelle.com\\\/fr\\\/soldes-linge-de-table-tissus-hiver\\\/#primaryimage\"},\"thumbnailUrl\":\"https:\\\/\\\/linandelle.com\\\/wp-content\\\/uploads\\\/2026\\\/01\\\/linge-table-tissus-hiver-linandelle.jpg\",\"datePublished\":\"2026-01-21T15:36:45+00:00\",\"dateModified\":\"2026-01-27T22:20:17+00:00\",\"description\":\"Profitez des soldes d\u2019hiver Linandelle sur le linge de table, les tissus au m\u00e8tre et les essentiels de la cuisine. Jusqu\u2019\u00e0 -40 % pour cr\u00e9er, partager et vivre l\u2019hiver autrement.\",\"inLanguage\":\"fr-FR\",\"potentialAction\":[{\"@type\":\"ReadAction\",\"target\":[\"https:\\\/\\\/linandelle.com\\\/fr\\\/soldes-linge-de-table-tissus-hiver\\\/\"]}]},{\"@type\":\"ImageObject\",\"inLanguage\":\"fr-FR\",\"@id\":\"https:\\\/\\\/linandelle.com\\\/fr\\\/soldes-linge-de-table-tissus-hiver\\\/#primaryimage\",\"url\":\"https:\\\/\\\/linandelle.com\\\/wp-content\\\/uploads\\\/2026\\\/01\\\/linge-table-tissus-hiver-linandelle.jpg\",\"contentUrl\":\"https:\\\/\\\/linandelle.com\\\/wp-content\\\/uploads\\\/2026\\\/01\\\/linge-table-tissus-hiver-linandelle.jpg\",\"width\":800,\"height\":500},{\"@type\":\"WebSite\",\"@id\":\"https:\\\/\\\/linandelle.com\\\/fr\\\/#website\",\"url\":\"https:\\\/\\\/linandelle.com\\\/fr\\\/\",\"name\":\"Linandelle\",\"description\":\"Linandelle, plus que du linge, l&#039;essentiel\",\"publisher\":{\"@id\":\"https:\\\/\\\/linandelle.com\\\/fr\\\/#organization\"},\"potentialAction\":[{\"@type\":\"SearchAction\",\"target\":{\"@type\":\"EntryPoint\",\"urlTemplate\":\"https:\\\/\\\/linandelle.com\\\/fr\\\/?s={search_term_string}\"},\"query-input\":{\"@type\":\"PropertyValueSpecification\",\"valueRequired\":true,\"valueName\":\"search_term_string\"}}],\"inLanguage\":\"fr-FR\"},{\"@type\":\"Organization\",\"@id\":\"https:\\\/\\\/linandelle.com\\\/fr\\\/#organization\",\"name\":\"Linandelle\",\"url\":\"https:\\\/\\\/linandelle.com\\\/fr\\\/\",\"logo\":{\"@type\":\"ImageObject\",\"inLanguage\":\"fr-FR\",\"@id\":\"https:\\\/\\\/linandelle.com\\\/fr\\\/#\\\/schema\\\/logo\\\/image\\\/\",\"url\":\"https:\\\/\\\/linandelle.com\\\/wp-content\\\/uploads\\\/2022\\\/03\\\/logo-linandelle.jpg\",\"contentUrl\":\"https:\\\/\\\/linandelle.com\\\/wp-content\\\/uploads\\\/2022\\\/03\\\/logo-linandelle.jpg\",\"width\":739,\"height\":738,\"caption\":\"Linandelle\"},\"image\":{\"@id\":\"https:\\\/\\\/linandelle.com\\\/fr\\\/#\\\/schema\\\/logo\\\/image\\\/\"},\"sameAs\":[\"https:\\\/\\\/www.facebook.com\\\/Linandelle\",\"https:\\\/\\\/www.instagram.com\\\/linandelle\\\/\",\"https:\\\/\\\/www.linkedin.com\\\/company\\\/18483801\\\/admin\\\/dashboard\\\/\",\"https:\\\/\\\/www.pinterest.fr\\\/linandelle\\\/_created\\\/\",\"https:\\\/\\\/www.youtube.com\\\/@linandellecharleval1016\"],\"email\":\"contact@linandelle.com\",\"telephone\":\"0232687800\",\"legalName\":\"SARL DU PONT DES JARDINS\",\"vatID\":\"FR27448856641\",\"taxID\":\"44885664100015\",\"numberOfEmployees\":{\"@type\":\"QuantitativeValue\",\"minValue\":\"1\",\"maxValue\":\"10\"}},{\"@type\":\"Person\",\"@id\":\"https:\\\/\\\/linandelle.com\\\/fr\\\/#\\\/schema\\\/person\\\/3d5b1bff83fead500b5cd542fa10e97c\",\"name\":\"Marie\"}]}<\/script>\n<!-- \/ Yoast SEO Premium plugin. -->","yoast_head_json":{"title":"Soldes linge de table & tissus : cr\u00e9er et partager en hiver - Linandelle","description":"Profitez des soldes d\u2019hiver Linandelle sur le linge de table, les tissus au m\u00e8tre et les essentiels de la cuisine. Jusqu\u2019\u00e0 -40 % pour cr\u00e9er, partager et vivre l\u2019hiver autrement.","robots":{"index":"index","follow":"follow","max-snippet":"max-snippet:-1","max-image-preview":"max-image-preview:large","max-video-preview":"max-video-preview:-1"},"canonical":"https:\/\/linandelle.com\/fr\/soldes-linge-de-table-tissus-hiver\/","og_locale":"fr_FR","og_type":"article","og_title":"Soldes linge de table & tissus : cr\u00e9er et partager en hiver - Linandelle","og_description":"Profitez des soldes d\u2019hiver Linandelle sur le linge de table, les tissus au m\u00e8tre et les essentiels de la cuisine. Jusqu\u2019\u00e0 -40 % pour cr\u00e9er, partager et vivre l\u2019hiver autrement.","og_url":"https:\/\/linandelle.com\/fr\/soldes-linge-de-table-tissus-hiver\/","og_site_name":"Linandelle","article_publisher":"https:\/\/www.facebook.com\/Linandelle","article_published_time":"2026-01-21T15:36:45+00:00","article_modified_time":"2026-01-27T22:20:17+00:00","og_image":[{"width":800,"height":500,"url":"https:\/\/linandelle.com\/wp-content\/uploads\/2026\/01\/linge-table-tissus-hiver-linandelle.jpg","type":"image\/jpeg"}],"author":"Marie","twitter_card":"summary_large_image","twitter_misc":{"\u00c9crit par":"Marie","Dur\u00e9e de lecture estim\u00e9e":"6 minutes"},"schema":{"@context":"https:\/\/schema.org","@graph":[{"@type":"Article","@id":"https:\/\/linandelle.com\/fr\/soldes-linge-de-table-tissus-hiver\/#article","isPartOf":{"@id":"https:\/\/linandelle.com\/fr\/soldes-linge-de-table-tissus-hiver\/"},"author":{"name":"Marie","@id":"https:\/\/linandelle.com\/fr\/#\/schema\/person\/3d5b1bff83fead500b5cd542fa10e97c"},"headline":"Soldes linge de table &amp; tissus : cr\u00e9er et partager pendant les soir\u00e9es d\u2019hiver","datePublished":"2026-01-21T15:36:45+00:00","dateModified":"2026-01-27T22:20:17+00:00","mainEntityOfPage":{"@id":"https:\/\/linandelle.com\/fr\/soldes-linge-de-table-tissus-hiver\/"},"wordCount":3674,"publisher":{"@id":"https:\/\/linandelle.com\/fr\/#organization"},"image":{"@id":"https:\/\/linandelle.com\/fr\/soldes-linge-de-table-tissus-hiver\/#primaryimage"},"thumbnailUrl":"https:\/\/linandelle.com\/wp-content\/uploads\/2026\/01\/linge-table-tissus-hiver-linandelle.jpg","articleSection":["Actualit\u00e9s &amp; \u00e9v\u00e9nements","Blog linge de maison Linandelle"],"inLanguage":"fr-FR"},{"@type":"WebPage","@id":"https:\/\/linandelle.com\/fr\/soldes-linge-de-table-tissus-hiver\/","url":"https:\/\/linandelle.com\/fr\/soldes-linge-de-table-tissus-hiver\/","name":"Soldes linge de table & tissus : cr\u00e9er et partager en hiver - Linandelle","isPartOf":{"@id":"https:\/\/linandelle.com\/fr\/#website"},"primaryImageOfPage":{"@id":"https:\/\/linandelle.com\/fr\/soldes-linge-de-table-tissus-hiver\/#primaryimage"},"image":{"@id":"https:\/\/linandelle.com\/fr\/soldes-linge-de-table-tissus-hiver\/#primaryimage"},"thumbnailUrl":"https:\/\/linandelle.com\/wp-content\/uploads\/2026\/01\/linge-table-tissus-hiver-linandelle.jpg","datePublished":"2026-01-21T15:36:45+00:00","dateModified":"2026-01-27T22:20:17+00:00","description":"Profitez des soldes d\u2019hiver Linandelle sur le linge de table, les tissus au m\u00e8tre et les essentiels de la cuisine. Jusqu\u2019\u00e0 -40 % pour cr\u00e9er, partager et vivre l\u2019hiver autrement.","inLanguage":"fr-FR","potentialAction":[{"@type":"ReadAction","target":["https:\/\/linandelle.com\/fr\/soldes-linge-de-table-tissus-hiver\/"]}]},{"@type":"ImageObject","inLanguage":"fr-FR","@id":"https:\/\/linandelle.com\/fr\/soldes-linge-de-table-tissus-hiver\/#primaryimage","url":"https:\/\/linandelle.com\/wp-content\/uploads\/2026\/01\/linge-table-tissus-hiver-linandelle.jpg","contentUrl":"https:\/\/linandelle.com\/wp-content\/uploads\/2026\/01\/linge-table-tissus-hiver-linandelle.jpg","width":800,"height":500},{"@type":"WebSite","@id":"https:\/\/linandelle.com\/fr\/#website","url":"https:\/\/linandelle.com\/fr\/","name":"Linandelle","description":"Linandelle, plus que du linge, l&#039;essentiel","publisher":{"@id":"https:\/\/linandelle.com\/fr\/#organization"},"potentialAction":[{"@type":"SearchAction","target":{"@type":"EntryPoint","urlTemplate":"https:\/\/linandelle.com\/fr\/?s={search_term_string}"},"query-input":{"@type":"PropertyValueSpecification","valueRequired":true,"valueName":"search_term_string"}}],"inLanguage":"fr-FR"},{"@type":"Organization","@id":"https:\/\/linandelle.com\/fr\/#organization","name":"Linandelle","url":"https:\/\/linandelle.com\/fr\/","logo":{"@type":"ImageObject","inLanguage":"fr-FR","@id":"https:\/\/linandelle.com\/fr\/#\/schema\/logo\/image\/","url":"https:\/\/linandelle.com\/wp-content\/uploads\/2022\/03\/logo-linandelle.jpg","contentUrl":"https:\/\/linandelle.com\/wp-content\/uploads\/2022\/03\/logo-linandelle.jpg","width":739,"height":738,"caption":"Linandelle"},"image":{"@id":"https:\/\/linandelle.com\/fr\/#\/schema\/logo\/image\/"},"sameAs":["https:\/\/www.facebook.com\/Linandelle","https:\/\/www.instagram.com\/linandelle\/","https:\/\/www.linkedin.com\/company\/18483801\/admin\/dashboard\/","https:\/\/www.pinterest.fr\/linandelle\/_created\/","https:\/\/www.youtube.com\/@linandellecharleval1016"],"email":"contact@linandelle.com","telephone":"0232687800","legalName":"SARL DU PONT DES JARDINS","vatID":"FR27448856641","taxID":"44885664100015","numberOfEmployees":{"@type":"QuantitativeValue","minValue":"1","maxValue":"10"}},{"@type":"Person","@id":"https:\/\/linandelle.com\/fr\/#\/schema\/person\/3d5b1bff83fead500b5cd542fa10e97c","name":"Marie"}]}},"_links":{"self":[{"href":"https:\/\/linandelle.com\/fr\/wp-json\/wp\/v2\/posts\/87410","targetHints":{"allow":["GET"]}}],"collection":[{"href":"https:\/\/linandelle.com\/fr\/wp-json\/wp\/v2\/posts"}],"about":[{"href":"https:\/\/linandelle.com\/fr\/wp-json\/wp\/v2\/types\/post"}],"author":[{"embeddable":true,"href":"https:\/\/linandelle.com\/fr\/wp-json\/wp\/v2\/users\/14757"}],"replies":[{"embeddable":true,"href":"https:\/\/linandelle.com\/fr\/wp-json\/wp\/v2\/comments?post=87410"}],"version-history":[{"count":7,"href":"https:\/\/linandelle.com\/fr\/wp-json\/wp\/v2\/posts\/87410\/revisions"}],"predecessor-version":[{"id":87541,"href":"https:\/\/linandelle.com\/fr\/wp-json\/wp\/v2\/posts\/87410\/revisions\/87541"}],"wp:featuredmedia":[{"embeddable":true,"href":"https:\/\/linandelle.com\/fr\/wp-json\/wp\/v2\/media\/87411"}],"wp:attachment":[{"href":"https:\/\/linandelle.com\/fr\/wp-json\/wp\/v2\/media?parent=87410"}],"wp:term":[{"taxonomy":"category","embeddable":true,"href":"https:\/\/linandelle.com\/fr\/wp-json\/wp\/v2\/categories?post=87410"},{"taxonomy":"post_tag","embeddable":true,"href":"https:\/\/linandelle.com\/fr\/wp-json\/wp\/v2\/tags?post=87410"}],"curies":[{"name":"wp","href":"https:\/\/api.w.org\/{rel}","templated":true}]}}