{"id":88465,"date":"2026-03-11T00:00:57","date_gmt":"2026-03-10T23:00:57","guid":{"rendered":"https:\/\/linandelle.com\/fr\/?p=88465"},"modified":"2026-03-17T22:26:00","modified_gmt":"2026-03-17T21:26:00","slug":"quel-oreiller-choisir-pour-bien-dormir","status":"publish","type":"post","link":"https:\/\/linandelle.com\/fr\/quel-oreiller-choisir-pour-bien-dormir\/","title":{"rendered":"Quel oreiller choisir pour bien dormir : douleurs cervicales, transpiration, allergies"},"content":{"rendered":"<p>[et_pb_section fb_built=\u00a0\u00bb1&Prime; admin_label=\u00a0\u00bbArticle\u00a0\u00bb _builder_version=\u00a0\u00bb4.27.5&Prime; _module_preset=\u00a0\u00bbdefault\u00a0\u00bb custom_padding=\u00a0\u00bb0px||||false|false\u00a0\u00bb locked=\u00a0\u00bboff\u00a0\u00bb collapsed=\u00a0\u00bbon\u00a0\u00bb global_colors_info=\u00a0\u00bb{}\u00a0\u00bb theme_builder_area=\u00a0\u00bbpost_content\u00a0\u00bb][et_pb_row _builder_version=\u00a0\u00bb4.27.5&Prime; _module_preset=\u00a0\u00bbdefault\u00a0\u00bb global_colors_info=\u00a0\u00bb{}\u00a0\u00bb theme_builder_area=\u00a0\u00bbpost_content\u00a0\u00bb][et_pb_column type=\u00a0\u00bb4_4&Prime; _builder_version=\u00a0\u00bb4.27.5&Prime; _module_preset=\u00a0\u00bbdefault\u00a0\u00bb global_colors_info=\u00a0\u00bb{}\u00a0\u00bb theme_builder_area=\u00a0\u00bbpost_content\u00a0\u00bb][et_pb_text _builder_version=\u00a0\u00bb4.27.6&Prime; _module_preset=\u00a0\u00bbdefault\u00a0\u00bb locked=\u00a0\u00bboff\u00a0\u00bb global_colors_info=\u00a0\u00bb{}\u00a0\u00bb theme_builder_area=\u00a0\u00bbpost_content\u00a0\u00bb]<\/p>\n<p><span style=\"font-weight: 400;\">Vous vous r\u00e9veillez avec la nuque raide ?\u00a0 Vous avez chaud la nuit ou vous \u00e9ternuez d\u00e8s que votre t\u00eate touche l\u2019oreiller ? Si vos nuits ne sont pas vraiment r\u00e9paratrices, votre oreiller est peut-\u00eatre en cause.<\/span><\/p>\n<p><span style=\"font-weight: 400;\"><strong>\u00c0 l\u2019occasion de la Journ\u00e9e mondiale du sommeil<\/strong>, <strong>le vendredi 13 mars<\/strong>, c\u2019est le moment id\u00e9al pour faire le point sur votre literie. Un oreiller mal adapt\u00e9 peut impacter la qualit\u00e9 de votre sommeil, provoquer des douleurs cervicales, accentuer la transpiration nocturne ou favoriser les allergies.<\/span><\/p>\n<p><span style=\"font-weight: 400;\">Bien choisir son oreiller n\u2019est pas un d\u00e9tail. C\u2019est un \u00e9l\u00e9ment essentiel pour retrouver un sommeil plus profond et plus confortable. Dans cet article, on fait le point sur c<strong>omment choisir son oreiller pour bien dormir et \u00e9viter enfin les douleurs aux cervicales, la transpiration et les allergies.<\/strong><\/span><\/p>\n<p>[\/et_pb_text][\/et_pb_column][\/et_pb_row][\/et_pb_section][et_pb_section fb_built=\u00a0\u00bb1&Prime; admin_label=\u00a0\u00bbArticle\u00a0\u00bb _builder_version=\u00a0\u00bb4.27.5&Prime; _module_preset=\u00a0\u00bbdefault\u00a0\u00bb custom_padding=\u00a0\u00bb0px||||false|false\u00a0\u00bb locked=\u00a0\u00bboff\u00a0\u00bb collapsed=\u00a0\u00bbon\u00a0\u00bb global_colors_info=\u00a0\u00bb{}\u00a0\u00bb theme_builder_area=\u00a0\u00bbpost_content\u00a0\u00bb][et_pb_row column_structure=\u00a0\u00bb1_2,1_2&Prime; make_equal=\u00a0\u00bbon\u00a0\u00bb _builder_version=\u00a0\u00bb4.27.6&Prime; _module_preset=\u00a0\u00bbdefault\u00a0\u00bb global_colors_info=\u00a0\u00bb{}\u00a0\u00bb theme_builder_area=\u00a0\u00bbpost_content\u00a0\u00bb][et_pb_column type=\u00a0\u00bb1_2&Prime; _builder_version=\u00a0\u00bb4.27.6&Prime; _module_preset=\u00a0\u00bbdefault\u00a0\u00bb global_colors_info=\u00a0\u00bb{}\u00a0\u00bb theme_builder_area=\u00a0\u00bbpost_content\u00a0\u00bb][et_pb_text _builder_version=\u00a0\u00bb4.27.6&Prime; _module_preset=\u00a0\u00bbdefault\u00a0\u00bb header_2_font=\u00a0\u00bb|||on|||||\u00a0\u00bb header_2_line_height=\u00a0\u00bb1.5em\u00a0\u00bb custom_margin=\u00a0\u00bb||1rem||false|false\u00a0\u00bb locked=\u00a0\u00bboff\u00a0\u00bb global_colors_info=\u00a0\u00bb{}\u00a0\u00bb theme_builder_area=\u00a0\u00bbpost_content\u00a0\u00bb]<\/p>\n<h2>Pourquoi le choix de l\u2019oreiller <br \/>influence votre sommeil ?<\/h2>\n<p>[\/et_pb_text][et_pb_text _builder_version=\u00a0\u00bb4.27.6&Prime; _module_preset=\u00a0\u00bbdefault\u00a0\u00bb global_colors_info=\u00a0\u00bb{}\u00a0\u00bb theme_builder_area=\u00a0\u00bbpost_content\u00a0\u00bb]<\/p>\n<p><span style=\"font-weight: 400;\">L\u2019oreiller ne sert pas seulement \u00e0 \u00eatre confortable. Il joue un r\u00f4le direct sur :<\/span><span style=\"font-weight: 400;\"><\/span><\/p>\n<ul>\n<li style=\"font-weight: 400;\" aria-level=\"1\"><span style=\"font-weight: 400;\">l\u2019alignement de votre colonne cervicale<\/span><\/li>\n<li style=\"font-weight: 400;\" aria-level=\"1\"><span style=\"font-weight: 400;\">la d\u00e9tente des muscles du cou et des \u00e9paules<\/span><\/li>\n<li style=\"font-weight: 400;\" aria-level=\"1\"><span style=\"font-weight: 400;\">la circulation de l\u2019air autour de votre t\u00eate<\/span><\/li>\n<li style=\"font-weight: 400;\" aria-level=\"1\"><span style=\"font-weight: 400;\">la limitation des allerg\u00e8nes en contact avec votre peau<\/span><\/li>\n<\/ul>\n<p><span style=\"font-weight: 400;\">Si votre t\u00eate est trop haute, trop basse ou mal soutenue, votre nuque compense toute la nuit. R\u00e9sultat : tensions, micro-r\u00e9veils, sommeil fragment\u00e9. Un oreiller adapt\u00e9 permet au contraire de maintenir un alignement naturel entre la t\u00eate, le cou et la colonne vert\u00e9brale. <\/span><\/p>\n<p><span style=\"font-weight: 400;\"><strong>C\u2019est la base d\u2019un sommeil r\u00e9parateur<\/strong><\/span><\/p>\n<p>[\/et_pb_text][et_pb_text _builder_version=\u00a0\u00bb4.27.6&Prime; _module_preset=\u00a0\u00bbdefault\u00a0\u00bb text_font_size=\u00a0\u00bb0.8rem\u00a0\u00bb global_colors_info=\u00a0\u00bb{}\u00a0\u00bb theme_builder_area=\u00a0\u00bbpost_content\u00a0\u00bb]<\/p>\n<p><em>Photo : <a href=\"https:\/\/linandelle.com\/fr\/produit\/oreiller-enveloppe-percale-nuage\/\">Oreiller moelleux enveloppe coton percale NUAGE<\/a><\/em><\/p>\n<p>[\/et_pb_text][et_pb_button button_url=\u00a0\u00bbhttps:\/\/linandelle.com\/fr\/categorie\/linge-de-lit\/oreillers-et-traversins-linge-de-lit\/\u00a0\u00bb button_text=\u00a0\u00bbD\u00e9couvrir nos oreillers\u00a0\u00bb button_alignment=\u00a0\u00bbleft\u00a0\u00bb button_alignment_tablet=\u00a0\u00bbleft\u00a0\u00bb button_alignment_phone=\u00a0\u00bbcenter\u00a0\u00bb button_alignment_last_edited=\u00a0\u00bbon|phone\u00a0\u00bb _builder_version=\u00a0\u00bb4.27.6&Prime; _module_preset=\u00a0\u00bbdefault\u00a0\u00bb custom_button=\u00a0\u00bbon\u00a0\u00bb button_text_size=\u00a0\u00bb1rem\u00a0\u00bb button_text_color=\u00a0\u00bb#154741&Prime; button_bg_color=\u00a0\u00bb#FFFFFF\u00a0\u00bb button_border_width=\u00a0\u00bb1px\u00a0\u00bb button_border_color=\u00a0\u00bb#154741&Prime; button_font=\u00a0\u00bb&#8211;et_global_body_font||||on|||#FFFFFF|\u00a0\u00bb button_use_icon=\u00a0\u00bboff\u00a0\u00bb locked=\u00a0\u00bboff\u00a0\u00bb global_colors_info=\u00a0\u00bb{}\u00a0\u00bb button_border_color__hover_enabled=\u00a0\u00bbon|hover\u00a0\u00bb button_border_color__hover=\u00a0\u00bb#4D716C\u00a0\u00bb theme_builder_area=\u00a0\u00bbpost_content\u00a0\u00bb][\/et_pb_button][\/et_pb_column][et_pb_column type=\u00a0\u00bb1_2&Prime; _builder_version=\u00a0\u00bb4.27.6&Prime; _module_preset=\u00a0\u00bbdefault\u00a0\u00bb global_colors_info=\u00a0\u00bb{}\u00a0\u00bb theme_builder_area=\u00a0\u00bbpost_content\u00a0\u00bb][et_pb_image src=\u00a0\u00bbhttps:\/\/linandelle.com\/wp-content\/uploads\/2026\/03\/ChatGPT-Image-26-fevr.-2026-19_56_50.png\u00a0\u00bb alt=\u00a0\u00bboreillers linandelle comment choisir\u00a0\u00bb title_text=\u00a0\u00bboreillers linandelle comment choisir\u00a0\u00bb _builder_version=\u00a0\u00bb4.27.6&Prime; _module_preset=\u00a0\u00bbdefault\u00a0\u00bb width=\u00a0\u00bb67.9%\u00a0\u00bb global_colors_info=\u00a0\u00bb{}\u00a0\u00bb theme_builder_area=\u00a0\u00bbpost_content\u00a0\u00bb][\/et_pb_image][\/et_pb_column][\/et_pb_row][et_pb_row column_structure=\u00a0\u00bb1_2,1_2&Prime; make_equal=\u00a0\u00bbon\u00a0\u00bb _builder_version=\u00a0\u00bb4.27.6&Prime; _module_preset=\u00a0\u00bbdefault\u00a0\u00bb custom_padding=\u00a0\u00bb0px||||false|false\u00a0\u00bb global_colors_info=\u00a0\u00bb{}\u00a0\u00bb theme_builder_area=\u00a0\u00bbpost_content\u00a0\u00bb][et_pb_column type=\u00a0\u00bb1_2&Prime; _builder_version=\u00a0\u00bb4.27.6&Prime; _module_preset=\u00a0\u00bbdefault\u00a0\u00bb global_colors_info=\u00a0\u00bb{}\u00a0\u00bb theme_builder_area=\u00a0\u00bbpost_content\u00a0\u00bb][et_pb_image src=\u00a0\u00bbhttps:\/\/linandelle.com\/wp-content\/uploads\/2026\/03\/ChatGPT-Image-26-fevr.-2026-19_49_49.png\u00a0\u00bb alt=\u00a0\u00bbmal aux cervicales oreillers nuit\u00a0\u00bb title_text=\u00a0\u00bbmal aux cervicales oreillers nuit\u00a0\u00bb _builder_version=\u00a0\u00bb4.27.6&Prime; _module_preset=\u00a0\u00bbdefault\u00a0\u00bb width=\u00a0\u00bb67.8%\u00a0\u00bb custom_padding=\u00a0\u00bb||0px|||\u00a0\u00bb global_colors_info=\u00a0\u00bb{}\u00a0\u00bb theme_builder_area=\u00a0\u00bbpost_content\u00a0\u00bb][\/et_pb_image][\/et_pb_column][et_pb_column type=\u00a0\u00bb1_2&Prime; _builder_version=\u00a0\u00bb4.27.5&Prime; _module_preset=\u00a0\u00bbdefault\u00a0\u00bb global_colors_info=\u00a0\u00bb{}\u00a0\u00bb theme_builder_area=\u00a0\u00bbpost_content\u00a0\u00bb][et_pb_text _builder_version=\u00a0\u00bb4.27.6&Prime; _module_preset=\u00a0\u00bbdefault\u00a0\u00bb header_2_font=\u00a0\u00bb|||on|||||\u00a0\u00bb header_2_line_height=\u00a0\u00bb1.5em\u00a0\u00bb locked=\u00a0\u00bboff\u00a0\u00bb global_colors_info=\u00a0\u00bb{}\u00a0\u00bb theme_builder_area=\u00a0\u00bbpost_content\u00a0\u00bb]<\/p>\n<h2>Vous avez <strong>mal aux cervicales<\/strong> le matin ? <strong>Comment choisir le bon soutien ?\u00a0<\/strong><\/h2>\n<p><span style=\"font-weight: 400;\">Vous avez mal au cou au r\u00e9veil ? Vous ressentez des tensions dans les \u00e9paules ? Votre oreiller n\u2019apporte peut-\u00eatre pas le bon niveau de soutien. <\/span><span style=\"font-weight: 400;\">La position de sommeil change tout.<\/span><\/p>\n<p><strong>Le choix de la hauteur et de la fermet\u00e9 d\u00e9pend de votre position habituelle :<\/strong><\/p>\n<ul>\n<li style=\"font-weight: 400;\" aria-level=\"1\"><b>Vous dormez sur le c\u00f4t\u00e9<\/b><span style=\"font-weight: 400;\"> : choisissez un oreiller plut\u00f4t ferme et assez haut pour combler l\u2019espace entre votre t\u00eate et votre \u00e9paule.<\/span><span style=\"font-weight: 400;\"><\/span><\/li>\n<li style=\"font-weight: 400;\" aria-level=\"1\"><b>Vous dormez sur le dos<\/b><span style=\"font-weight: 400;\"> : un oreiller moyennement ferme maintient la courbure naturelle de la nuque.<\/span><span style=\"font-weight: 400;\"><\/span><\/li>\n<li style=\"font-weight: 400;\" aria-level=\"1\"><b>Vous dormez sur le ventre<\/b><span style=\"font-weight: 400;\"> : privil\u00e9giez un oreiller plat et souple pour \u00e9viter une torsion excessive du cou.<\/span><\/li>\n<\/ul>\n<p><span style=\"font-weight: 400;\">Un bon oreiller doit soutenir sans cr\u00e9er de point de pression. Linandelle vous recommande <a href=\"https:\/\/linandelle.com\/fr\/produit\/oreiller-synthetique-memofil-60x60\/\"><strong>l\u2019oreiller M\u00e9mofil <\/strong><\/a><\/span><b><a href=\"https:\/\/linandelle.com\/fr\/produit\/oreiller-synthetique-memofil-60x60\/\">synth\u00e9tique<\/a>. <\/b><span style=\"font-weight: 400;\">Il \u00e9pouse la forme de la t\u00eate et du cou pour un soutien \u00e9quilibr\u00e9. Son garnissage synth\u00e9tique facilite aussi l\u2019entretien, ce qui est id\u00e9al si vous recherchez confort et praticit\u00e9.<\/span><\/p>\n<p>[\/et_pb_text][et_pb_button button_url=\u00a0\u00bbhttps:\/\/linandelle.com\/fr\/produit\/oreiller-synthetique-memofil-60&#215;60\/\u00a0\u00bb button_text=\u00a0\u00bbD\u00e9couvrir l\u2019oreiller Nuage en M\u00e9moFil\u00a0\u00bb button_alignment=\u00a0\u00bbleft\u00a0\u00bb button_alignment_tablet=\u00a0\u00bbleft\u00a0\u00bb button_alignment_phone=\u00a0\u00bbcenter\u00a0\u00bb button_alignment_last_edited=\u00a0\u00bbon|phone\u00a0\u00bb _builder_version=\u00a0\u00bb4.27.6&Prime; _module_preset=\u00a0\u00bbdefault\u00a0\u00bb custom_button=\u00a0\u00bbon\u00a0\u00bb button_text_size=\u00a0\u00bb1rem\u00a0\u00bb button_text_color=\u00a0\u00bb#154741&Prime; button_bg_color=\u00a0\u00bb#FFFFFF\u00a0\u00bb button_border_width=\u00a0\u00bb1px\u00a0\u00bb button_border_color=\u00a0\u00bb#4D716C\u00a0\u00bb button_font=\u00a0\u00bb&#8211;et_global_body_font||||on|||#FFFFFF|\u00a0\u00bb button_use_icon=\u00a0\u00bboff\u00a0\u00bb locked=\u00a0\u00bboff\u00a0\u00bb global_colors_info=\u00a0\u00bb{}\u00a0\u00bb button_border_color__hover_enabled=\u00a0\u00bbon|desktop\u00a0\u00bb button_border_color__hover=\u00a0\u00bb#4D716C\u00a0\u00bb theme_builder_area=\u00a0\u00bbpost_content\u00a0\u00bb][\/et_pb_button][\/et_pb_column][\/et_pb_row][et_pb_row column_structure=\u00a0\u00bb1_2,1_2&Prime; make_equal=\u00a0\u00bbon\u00a0\u00bb _builder_version=\u00a0\u00bb4.27.6&Prime; _module_preset=\u00a0\u00bbdefault\u00a0\u00bb custom_padding=\u00a0\u00bb||2rem||false|false\u00a0\u00bb global_colors_info=\u00a0\u00bb{}\u00a0\u00bb theme_builder_area=\u00a0\u00bbpost_content\u00a0\u00bb][et_pb_column type=\u00a0\u00bb1_2&Prime; _builder_version=\u00a0\u00bb4.27.5&Prime; _module_preset=\u00a0\u00bbdefault\u00a0\u00bb background_enable_image=\u00a0\u00bboff\u00a0\u00bb global_colors_info=\u00a0\u00bb{}\u00a0\u00bb theme_builder_area=\u00a0\u00bbpost_content\u00a0\u00bb][et_pb_text _builder_version=\u00a0\u00bb4.27.6&Prime; _module_preset=\u00a0\u00bbdefault\u00a0\u00bb header_2_font=\u00a0\u00bb|||on|||||\u00a0\u00bb header_2_line_height=\u00a0\u00bb1.5em\u00a0\u00bb locked=\u00a0\u00bboff\u00a0\u00bb global_colors_info=\u00a0\u00bb{}\u00a0\u00bb theme_builder_area=\u00a0\u00bbpost_content\u00a0\u00bb]<\/p>\n<h2><b>Transpiration nocturne :<br \/><\/b><strong>quel oreiller choisir <\/strong>quand on a <strong>chaud la nuit<\/strong> ?<\/h2>\n<p><span style=\"font-weight: 400;\">Vous retournez sans cesse votre oreiller pour trouver un c\u00f4t\u00e9 plus frais ? La sensation de chaleur nocturne est souvent li\u00e9e \u00e0 la mati\u00e8re de l\u2019enveloppe et \u00e0 la capacit\u00e9 du tissu \u00e0 laisser circuler l\u2019air.<\/span><\/p>\n<h3><b>Pour limiter la chaleur la nuit :<\/b><\/h3>\n<ul>\n<li style=\"font-weight: 400;\" aria-level=\"1\"><span style=\"font-weight: 400;\">privil\u00e9giez des mati\u00e8res naturelles et respirantes comme le coton<\/span><\/li>\n<li style=\"font-weight: 400;\" aria-level=\"1\"><span style=\"font-weight: 400;\">\u00e9vitez les enveloppes trop denses et peu a\u00e9r\u00e9es<\/span><\/li>\n<li style=\"font-weight: 400;\" aria-level=\"1\"><span style=\"font-weight: 400;\">choisissez des tissus qui absorbent l\u2019humidit\u00e9<\/span><span style=\"font-weight: 400;\"><\/span><\/li>\n<\/ul>\n<h3><b>Les mati\u00e8res qui favorisent la respirabilit\u00e9<\/b><\/h3>\n<p><span style=\"font-weight: 400;\">La percale de coton est particuli\u00e8rement appr\u00e9ci\u00e9e pour sa structure l\u00e9g\u00e8re et a\u00e9r\u00e9e. Son tissage serr\u00e9 mais fin permet une meilleure circulation de l\u2019air et limite l\u2019accumulation de chaleur.<\/span><\/p>\n<p><span style=\"font-weight: 400;\">Linandelle vous recommande l\u2019<\/span><b>oreiller Nuage avec son enveloppe en coton percale.<\/b><\/p>\n<p><span style=\"font-weight: 400;\">Son enveloppe en percale de coton apporte une sensation de fra\u00eecheur et de l\u00e9g\u00e8ret\u00e9, id\u00e9ale si vous transpirez la nuit ou recherchez un confort plus respirant.<\/span><\/p>\n<p>[\/et_pb_text][et_pb_button button_url=\u00a0\u00bbhttps:\/\/linandelle.com\/fr\/produit\/oreiller-enveloppe-percale-nuage\/\u00a0\u00bb button_text=\u00a0\u00bbd\u00e9couvrir l\u2019oreiller Nuage en percale\u00a0\u00bb button_alignment=\u00a0\u00bbleft\u00a0\u00bb button_alignment_tablet=\u00a0\u00bbleft\u00a0\u00bb button_alignment_phone=\u00a0\u00bbcenter\u00a0\u00bb button_alignment_last_edited=\u00a0\u00bbon|phone\u00a0\u00bb _builder_version=\u00a0\u00bb4.27.6&Prime; _module_preset=\u00a0\u00bbdefault\u00a0\u00bb custom_button=\u00a0\u00bbon\u00a0\u00bb button_text_size=\u00a0\u00bb1rem\u00a0\u00bb button_text_color=\u00a0\u00bb#154741&Prime; button_bg_color=\u00a0\u00bb#FFFFFF\u00a0\u00bb button_border_width=\u00a0\u00bb1px\u00a0\u00bb button_border_color=\u00a0\u00bb#154741&Prime; button_font=\u00a0\u00bb&#8211;et_global_body_font||||on|||#FFFFFF|\u00a0\u00bb button_use_icon=\u00a0\u00bboff\u00a0\u00bb locked=\u00a0\u00bboff\u00a0\u00bb global_colors_info=\u00a0\u00bb{}\u00a0\u00bb button_border_color__hover_enabled=\u00a0\u00bbon|hover\u00a0\u00bb button_border_color__hover=\u00a0\u00bb#4D716C\u00a0\u00bb theme_builder_area=\u00a0\u00bbpost_content\u00a0\u00bb][\/et_pb_button][\/et_pb_column][et_pb_column type=\u00a0\u00bb1_2&Prime; _builder_version=\u00a0\u00bb4.27.6&Prime; _module_preset=\u00a0\u00bbdefault\u00a0\u00bb global_colors_info=\u00a0\u00bb{}\u00a0\u00bb theme_builder_area=\u00a0\u00bbpost_content\u00a0\u00bb][et_pb_image src=\u00a0\u00bbhttps:\/\/linandelle.com\/wp-content\/uploads\/2026\/03\/ChatGPT-Image-26-fevr.-2026-19_43_18.png\u00a0\u00bb alt=\u00a0\u00bbtranspiration oreiller comment faire\u00a0\u00bb title_text=\u00a0\u00bbtranspiration oreiller comment choisir son oreiller\u00a0\u00bb _builder_version=\u00a0\u00bb4.27.6&Prime; _module_preset=\u00a0\u00bbdefault\u00a0\u00bb custom_padding=\u00a0\u00bb|||145px||\u00a0\u00bb global_colors_info=\u00a0\u00bb{}\u00a0\u00bb theme_builder_area=\u00a0\u00bbpost_content\u00a0\u00bb][\/et_pb_image][\/et_pb_column][\/et_pb_row][et_pb_row column_structure=\u00a0\u00bb1_2,1_2&Prime; make_equal=\u00a0\u00bbon\u00a0\u00bb _builder_version=\u00a0\u00bb4.27.6&Prime; _module_preset=\u00a0\u00bbdefault\u00a0\u00bb custom_padding=\u00a0\u00bb0px||||false|false\u00a0\u00bb global_colors_info=\u00a0\u00bb{}\u00a0\u00bb theme_builder_area=\u00a0\u00bbpost_content\u00a0\u00bb][et_pb_column type=\u00a0\u00bb1_2&Prime; _builder_version=\u00a0\u00bb4.27.6&Prime; _module_preset=\u00a0\u00bbdefault\u00a0\u00bb global_colors_info=\u00a0\u00bb{}\u00a0\u00bb theme_builder_area=\u00a0\u00bbpost_content\u00a0\u00bb][et_pb_image src=\u00a0\u00bbhttps:\/\/linandelle.com\/wp-content\/uploads\/2026\/03\/ChatGPT-Image-26-fevr.-2026-19_42_11.png\u00a0\u00bb alt=\u00a0\u00bballergies oreillers comment choisir\u00a0\u00bb title_text=\u00a0\u00bballergies oreillers comment choisir\u00a0\u00bb _builder_version=\u00a0\u00bb4.27.6&Prime; _module_preset=\u00a0\u00bbdefault\u00a0\u00bb global_colors_info=\u00a0\u00bb{}\u00a0\u00bb theme_builder_area=\u00a0\u00bbpost_content\u00a0\u00bb][\/et_pb_image][\/et_pb_column][et_pb_column type=\u00a0\u00bb1_2&Prime; _builder_version=\u00a0\u00bb4.27.6&Prime; _module_preset=\u00a0\u00bbdefault\u00a0\u00bb global_colors_info=\u00a0\u00bb{}\u00a0\u00bb theme_builder_area=\u00a0\u00bbpost_content\u00a0\u00bb][et_pb_text _builder_version=\u00a0\u00bb4.27.6&Prime; _module_preset=\u00a0\u00bbdefault\u00a0\u00bb header_2_font=\u00a0\u00bb|||on|||||\u00a0\u00bb header_2_line_height=\u00a0\u00bb1.5em\u00a0\u00bb locked=\u00a0\u00bboff\u00a0\u00bb global_colors_info=\u00a0\u00bb{}\u00a0\u00bb theme_builder_area=\u00a0\u00bbpost_content\u00a0\u00bb]<\/p>\n<h2><strong>Allergies<\/strong> : choisir un <b>oreiller hypoallerg\u00e9nique <\/b>et facile d\u2019entretien<\/h2>\n<p><span style=\"font-weight: 400;\">Vous \u00e9ternuez le matin ? Vous avez la sensation d\u2019un nez encombr\u00e9 au r\u00e9veil ? Les acariens et la poussi\u00e8re peuvent s\u2019accumuler dans un oreiller mal entretenu.<\/span><\/p>\n<p><b>Pour limiter les r\u00e9actions allergiques, choisissez un oreiller :<\/b><\/p>\n<ul>\n<li style=\"font-weight: 400;\" aria-level=\"1\"><span style=\"font-weight: 400;\">lavable r\u00e9guli\u00e8rement<\/span><\/li>\n<li style=\"font-weight: 400;\" aria-level=\"1\"><span style=\"font-weight: 400;\">avec un garnissage synth\u00e9tique adapt\u00e9<\/span><\/li>\n<li style=\"font-weight: 400;\" aria-level=\"1\"><span style=\"font-weight: 400;\">associ\u00e9 \u00e0 une taie respirante et facile \u00e0 nettoyer<\/span><\/li>\n<\/ul>\n<p><span style=\"font-weight: 400;\">L\u2019entretien joue un r\u00f4le essentiel dans la qualit\u00e9 de l\u2019air que vous respirez la nuit.<\/span> <span style=\"font-weight: 400;\">Les taies d\u2019oreiller en coton se lavent facilement et permettent de r\u00e9duire l\u2019accumulation d\u2019allerg\u00e8nes. Elles contribuent \u00e0 un sommeil plus sain pour les peaux sensibles.<\/span><\/p>\n<p>[\/et_pb_text][et_pb_button button_url=\u00a0\u00bbhttps:\/\/linandelle.com\/fr\/categorie\/linge-de-lit\/oreillers-et-traversins-linge-de-lit\/\u00a0\u00bb button_text=\u00a0\u00bbD\u00e9couvrir nos oreillers\u00a0\u00bb button_alignment=\u00a0\u00bbleft\u00a0\u00bb button_alignment_tablet=\u00a0\u00bbleft\u00a0\u00bb button_alignment_phone=\u00a0\u00bbcenter\u00a0\u00bb button_alignment_last_edited=\u00a0\u00bbon|phone\u00a0\u00bb _builder_version=\u00a0\u00bb4.27.6&Prime; _module_preset=\u00a0\u00bbdefault\u00a0\u00bb custom_button=\u00a0\u00bbon\u00a0\u00bb button_text_size=\u00a0\u00bb1rem\u00a0\u00bb button_text_color=\u00a0\u00bb#154741&Prime; button_bg_color=\u00a0\u00bb#FFFFFF\u00a0\u00bb button_border_width=\u00a0\u00bb1px\u00a0\u00bb button_border_color=\u00a0\u00bb#4D716C\u00a0\u00bb button_font=\u00a0\u00bb&#8211;et_global_body_font||||on|||#FFFFFF|\u00a0\u00bb button_use_icon=\u00a0\u00bboff\u00a0\u00bb locked=\u00a0\u00bboff\u00a0\u00bb global_colors_info=\u00a0\u00bb{}\u00a0\u00bb button_border_color__hover_enabled=\u00a0\u00bbon|desktop\u00a0\u00bb button_border_color__hover=\u00a0\u00bb#4D716C\u00a0\u00bb theme_builder_area=\u00a0\u00bbpost_content\u00a0\u00bb][\/et_pb_button][\/et_pb_column][\/et_pb_row][\/et_pb_section][et_pb_section fb_built=\u00a0\u00bb1&Prime; _builder_version=\u00a0\u00bb4.27.5&Prime; _module_preset=\u00a0\u00bbdefault\u00a0\u00bb custom_padding=\u00a0\u00bb0px||||false|false\u00a0\u00bb collapsed=\u00a0\u00bbon\u00a0\u00bb global_colors_info=\u00a0\u00bb{}\u00a0\u00bb theme_builder_area=\u00a0\u00bbpost_content\u00a0\u00bb][et_pb_row make_equal=\u00a0\u00bbon\u00a0\u00bb _builder_version=\u00a0\u00bb4.27.6&Prime; _module_preset=\u00a0\u00bbdefault\u00a0\u00bb background_color=\u00a0\u00bb#fbf9f6&Prime; module_alignment=\u00a0\u00bbcenter\u00a0\u00bb custom_margin=\u00a0\u00bb||2rem||false|false\u00a0\u00bb custom_padding=\u00a0\u00bb0px||0px||false|false\u00a0\u00bb box_shadow_style=\u00a0\u00bbpreset6&Prime; box_shadow_blur=\u00a0\u00bb10px\u00a0\u00bb box_shadow_spread=\u00a0\u00bb-5px\u00a0\u00bb global_colors_info=\u00a0\u00bb{}\u00a0\u00bb theme_builder_area=\u00a0\u00bbpost_content\u00a0\u00bb][et_pb_column type=\u00a0\u00bb4_4&Prime; _builder_version=\u00a0\u00bb4.27.5&Prime; _module_preset=\u00a0\u00bbdefault\u00a0\u00bb background_color=\u00a0\u00bbRGBA(255,255,255,0)\u00a0\u00bb background_enable_image=\u00a0\u00bboff\u00a0\u00bb background_position=\u00a0\u00bbbottom_right\u00a0\u00bb background_horizontal_offset=\u00a0\u00bb10%\u00a0\u00bb background_blend=\u00a0\u00bbsoft-light\u00a0\u00bb custom_padding=\u00a0\u00bb2rem|2rem|2rem|2rem|false|false\u00a0\u00bb global_colors_info=\u00a0\u00bb{}\u00a0\u00bb theme_builder_area=\u00a0\u00bbpost_content\u00a0\u00bb][et_pb_text _builder_version=\u00a0\u00bb4.27.6&Prime; _module_preset=\u00a0\u00bbdefault\u00a0\u00bb header_2_font=\u00a0\u00bb|||on|||||\u00a0\u00bb header_2_text_align=\u00a0\u00bbcenter\u00a0\u00bb header_2_line_height=\u00a0\u00bb1.5em\u00a0\u00bb text_orientation=\u00a0\u00bbcenter\u00a0\u00bb custom_margin=\u00a0\u00bb0px||||false|false\u00a0\u00bb global_colors_info=\u00a0\u00bb{}\u00a0\u00bb theme_builder_area=\u00a0\u00bbpost_content\u00a0\u00bb]<\/p>\n<h2 style=\"text-align: left;\"><b>\u00c0 quelle fr\u00e9quence faut-il changer son oreiller ?<\/b><\/h2>\n<p style=\"text-align: left;\"><span style=\"font-weight: 400;\">M\u00eame un bon oreiller ne dure pas \u00e9ternellement. En moyenne, il est conseill\u00e9 de le renouveler tous les 2 \u00e0 3 ans, selon son usage et son entretien. Un oreiller affaiss\u00e9 ou d\u00e9form\u00e9 ne soutient plus correctement la nuque et peut alt\u00e9rer la qualit\u00e9 du sommeil. Si vous vous r\u00e9veillez fatigu\u00e9 malgr\u00e9 un matelas confortable, votre oreiller m\u00e9rite peut-\u00eatre d\u2019\u00eatre remplac\u00e9.<\/span><\/p>\n<p>[\/et_pb_text][\/et_pb_column][\/et_pb_row][et_pb_row make_equal=\u00a0\u00bbon\u00a0\u00bb _builder_version=\u00a0\u00bb4.27.5&Prime; _module_preset=\u00a0\u00bbdefault\u00a0\u00bb custom_padding=\u00a0\u00bb0px||||false|false\u00a0\u00bb global_colors_info=\u00a0\u00bb{}\u00a0\u00bb theme_builder_area=\u00a0\u00bbpost_content\u00a0\u00bb][et_pb_column type=\u00a0\u00bb4_4&Prime; _builder_version=\u00a0\u00bb4.27.5&Prime; _module_preset=\u00a0\u00bbdefault\u00a0\u00bb custom_padding=\u00a0\u00bb||||false|false\u00a0\u00bb global_colors_info=\u00a0\u00bb{}\u00a0\u00bb theme_builder_area=\u00a0\u00bbpost_content\u00a0\u00bb][et_pb_text _builder_version=\u00a0\u00bb4.27.6&Prime; _module_preset=\u00a0\u00bbdefault\u00a0\u00bb header_2_font=\u00a0\u00bb|||on|||||\u00a0\u00bb header_2_line_height=\u00a0\u00bb1.5em\u00a0\u00bb locked=\u00a0\u00bboff\u00a0\u00bb global_colors_info=\u00a0\u00bb{}\u00a0\u00bb theme_builder_area=\u00a0\u00bbpost_content\u00a0\u00bb]<\/p>\n<h2><b>Comment choisir son oreiller et sa taie selon ses besoins ?<\/b><\/h2>\n<p><span style=\"font-weight: 400;\">Votre confort ne d\u00e9pend pas uniquement du garnissage. La taie d\u2019oreiller influence directement diff\u00e9rents facteurs comme :\u00a0<\/span><\/p>\n<ul>\n<li style=\"font-weight: 400;\" aria-level=\"1\"><span style=\"font-weight: 400;\">la r\u00e9gulation de la temp\u00e9rature<\/span><\/li>\n<li style=\"font-weight: 400;\" aria-level=\"1\"><span style=\"font-weight: 400;\">la sensation sur la peau<\/span><\/li>\n<li style=\"font-weight: 400;\" aria-level=\"1\"><span style=\"font-weight: 400;\">la gestion de l\u2019humidit\u00e9<\/span><\/li>\n<li style=\"font-weight: 400;\" aria-level=\"1\"><span style=\"font-weight: 400;\">la durabilit\u00e9 de l\u2019oreiller<\/span><span style=\"font-weight: 400;\">\n<p><\/span><\/li>\n<\/ul>\n<p><b>Voici les mati\u00e8res \u00e0 privil\u00e9gier selon votre besoin :<\/b><\/p>\n<ul>\n<li style=\"font-weight: 400;\" aria-level=\"1\"><b>Des taies d\u2019oreillers en percale de coton ou lin<\/b><span style=\"font-weight: 400;\"> : id\u00e9ales si vous avez chaud, si vous transpirez ou si vous avez la peau sensible. Ces mati\u00e8res naturelles sont respirantes et procurent une sensation fra\u00eeche.<\/span><span style=\"font-weight: 400;\">\n<p><\/span><\/li>\n<li style=\"font-weight: 400;\" aria-level=\"1\"><b>Des taies d\u2019oreillers en flanelle<\/b><span style=\"font-weight: 400;\"> : parfaite en hiver pour un effet plus chaud et enveloppant.<\/span><span style=\"font-weight: 400;\">\n<p><\/span><\/li>\n<li style=\"font-weight: 400;\" aria-level=\"1\"><b>Des taies d\u2019oreillers en coton polyester<\/b><span style=\"font-weight: 400;\"> : pratique et r\u00e9sistant, facile d\u2019entretien.<\/span><span style=\"font-weight: 400;\">\n<p><\/span><\/li>\n<li style=\"font-weight: 400;\" aria-level=\"1\"><b>Des taies d\u2019oreillers en coton jersey<\/b><span style=\"font-weight: 400;\"> : souple, extensible et confortable, avec un toucher doux.<\/span><span style=\"font-weight: 400;\">\n<p><\/span><\/li>\n<li style=\"font-weight: 400;\" aria-level=\"1\"><b>ou des taies d\u2019oreillers en Lyocell<\/b><span style=\"font-weight: 400;\"> : fibre issue de la pulpe de bois, parfois appel\u00e9e soie v\u00e9g\u00e9tale. Tr\u00e8s douce, thermor\u00e9gulatrice et absorbante, elle limite les frottements sur la peau et les cheveux.<\/span><span style=\"font-weight: 400;\">\n<p><\/span><\/li>\n<\/ul>\n<p><span style=\"font-weight: 400;\">Une taie adapt\u00e9e am\u00e9liore imm\u00e9diatement la sensation de confort et contribue \u00e0 un meilleur sommeil.<\/span><\/p>\n<p>[\/et_pb_text][et_pb_button button_url=\u00a0\u00bbhttps:\/\/linandelle.com\/fr\/categorie\/linge-de-lit\/taies-et-sous-taies\/\u00a0\u00bb button_text=\u00a0\u00bbD\u00e9couvrir nos taies oreillers\u00a0\u00bb button_alignment=\u00a0\u00bbcenter\u00a0\u00bb button_alignment_tablet=\u00a0\u00bbleft\u00a0\u00bb button_alignment_phone=\u00a0\u00bbcenter\u00a0\u00bb button_alignment_last_edited=\u00a0\u00bbon|phone\u00a0\u00bb _builder_version=\u00a0\u00bb4.27.6&Prime; _module_preset=\u00a0\u00bbdefault\u00a0\u00bb custom_button=\u00a0\u00bbon\u00a0\u00bb button_text_size=\u00a0\u00bb1rem\u00a0\u00bb button_text_color=\u00a0\u00bb#154741&Prime; button_bg_color=\u00a0\u00bb#FFFFFF\u00a0\u00bb button_border_width=\u00a0\u00bb1px\u00a0\u00bb button_border_color=\u00a0\u00bb#4D716C\u00a0\u00bb button_font=\u00a0\u00bb&#8211;et_global_body_font||||on|||#FFFFFF|\u00a0\u00bb button_use_icon=\u00a0\u00bboff\u00a0\u00bb locked=\u00a0\u00bboff\u00a0\u00bb global_colors_info=\u00a0\u00bb{}\u00a0\u00bb button_border_color__hover_enabled=\u00a0\u00bbon|desktop\u00a0\u00bb button_border_color__hover=\u00a0\u00bb#4D716C\u00a0\u00bb theme_builder_area=\u00a0\u00bbpost_content\u00a0\u00bb][\/et_pb_button][et_pb_text _builder_version=\u00a0\u00bb4.27.6&Prime; _module_preset=\u00a0\u00bbdefault\u00a0\u00bb header_2_font=\u00a0\u00bb|||on|||||\u00a0\u00bb header_2_line_height=\u00a0\u00bb1.5em\u00a0\u00bb hover_enabled=\u00a0\u00bb0&Prime; locked=\u00a0\u00bboff\u00a0\u00bb global_colors_info=\u00a0\u00bb{}\u00a0\u00bb theme_builder_area=\u00a0\u00bbpost_content\u00a0\u00bb text_font_size=\u00a0\u00bb1.25em\u00a0\u00bb text_line_height=\u00a0\u00bb1.5em\u00a0\u00bb sticky_enabled=\u00a0\u00bb0&Prime;]<\/p>\n<p><span style=\"font-weight: 400;\">Le choix de l\u2019oreiller est important, mais la qualit\u00e9 du linge de lit joue \u00e9galement un r\u00f4le essentiel dans le confort nocturne. Vous pouvez par exemple d\u00e9couvrir notre article d\u00e9di\u00e9 au linge de maison de Printemps : <\/span><a href=\"https:\/\/linandelle.com\/fr\/faire-tri-printemps-linge-maison\/\" title=\"Linge de maison Sp\u00e9cial Printemps\"><b>comment choisir son linge de maison au printemps et choisir des mati\u00e8res plus respirantes<\/b><span style=\"font-weight: 400;\">.<\/span><\/a><\/p>\n<p>[\/et_pb_text][\/et_pb_column][\/et_pb_row][\/et_pb_section][et_pb_section fb_built=\u00a0\u00bb1&Prime; admin_label=\u00a0\u00bbEncart Soldes\u00a0\u00bb _builder_version=\u00a0\u00bb4.27.5&Prime; _module_preset=\u00a0\u00bbdefault\u00a0\u00bb background_color=\u00a0\u00bbRGBA(255,255,255,0)\u00a0\u00bb custom_margin=\u00a0\u00bb2rem||2rem||false|false\u00a0\u00bb custom_padding=\u00a0\u00bb0px|0px|0px|0px|false|false\u00a0\u00bb locked=\u00a0\u00bboff\u00a0\u00bb collapsed=\u00a0\u00bbon\u00a0\u00bb global_colors_info=\u00a0\u00bb{}\u00a0\u00bb theme_builder_area=\u00a0\u00bbpost_content\u00a0\u00bb][et_pb_row column_structure=\u00a0\u00bb1_2,1_2&Prime; make_equal=\u00a0\u00bbon\u00a0\u00bb _builder_version=\u00a0\u00bb4.27.6&Prime; _module_preset=\u00a0\u00bbdefault\u00a0\u00bb background_color=\u00a0\u00bb#fbf9f6&Prime; module_alignment=\u00a0\u00bbcenter\u00a0\u00bb custom_padding=\u00a0\u00bb0px||0px||false|false\u00a0\u00bb hover_enabled=\u00a0\u00bb0&Prime; box_shadow_style=\u00a0\u00bbpreset6&Prime; box_shadow_blur=\u00a0\u00bb10px\u00a0\u00bb box_shadow_spread=\u00a0\u00bb-5px\u00a0\u00bb global_colors_info=\u00a0\u00bb{}\u00a0\u00bb theme_builder_area=\u00a0\u00bbpost_content\u00a0\u00bb sticky_enabled=\u00a0\u00bb0&Prime;][et_pb_column type=\u00a0\u00bb1_2&Prime; _builder_version=\u00a0\u00bb4.27.6&Prime; _module_preset=\u00a0\u00bbdefault\u00a0\u00bb hover_enabled=\u00a0\u00bb0&Prime; global_colors_info=\u00a0\u00bb{}\u00a0\u00bb theme_builder_area=\u00a0\u00bbpost_content\u00a0\u00bb alt=\u00a0\u00bbnuit paisible avec oreillers linandelle\u00a0\u00bb title_text=\u00a0\u00bbnuit paisible avec oreillers linandelle\u00a0\u00bb background_image=\u00a0\u00bbhttps:\/\/linandelle.com\/wp-content\/uploads\/2026\/03\/LINANDELLE-CONTENU-MARS-1.png\u00a0\u00bb sticky_enabled=\u00a0\u00bb0&Prime;][et_pb_divider _builder_version=\u00a0\u00bb4.27.6&Prime; _module_preset=\u00a0\u00bbdefault\u00a0\u00bb theme_builder_area=\u00a0\u00bbpost_content\u00a0\u00bb custom_padding=\u00a0\u00bb150px||150px||false|false\u00a0\u00bb hover_enabled=\u00a0\u00bb0&Prime; sticky_enabled=\u00a0\u00bb0&Prime; show_divider=\u00a0\u00bboff\u00a0\u00bb][\/et_pb_divider][\/et_pb_column][et_pb_column type=\u00a0\u00bb1_2&Prime; _builder_version=\u00a0\u00bb4.27.5&Prime; _module_preset=\u00a0\u00bbdefault\u00a0\u00bb custom_padding=\u00a0\u00bb2rem|2rem|2rem|2rem|false|false\u00a0\u00bb global_colors_info=\u00a0\u00bb{}\u00a0\u00bb theme_builder_area=\u00a0\u00bbpost_content\u00a0\u00bb][et_pb_text _builder_version=\u00a0\u00bb4.27.6&Prime; _module_preset=\u00a0\u00bbdefault\u00a0\u00bb header_2_font=\u00a0\u00bb|||on|||||\u00a0\u00bb header_2_line_height=\u00a0\u00bb1.5em\u00a0\u00bb custom_margin=\u00a0\u00bb0px||||false|false\u00a0\u00bb hover_enabled=\u00a0\u00bb0&Prime; global_colors_info=\u00a0\u00bb{}\u00a0\u00bb theme_builder_area=\u00a0\u00bbpost_content\u00a0\u00bb custom_padding=\u00a0\u00bb||11px|||\u00a0\u00bb sticky_enabled=\u00a0\u00bb0&Prime;]<\/p>\n<h2><b>Nos oreillers Linandelle recommand\u00e9s<\/b><\/h2>\n<p><span style=\"font-weight: 400;\">Linandelle propose des oreillers adapt\u00e9s \u00e0 diff\u00e9rents besoins pour am\u00e9liorer votre confort nocturne :<\/span><\/p>\n<ul>\n<li style=\"font-weight: 400;\" aria-level=\"1\"><b><a href=\"https:\/\/linandelle.com\/fr\/produit\/oreiller-synthetique-memofil-60x60\/\">Oreiller synth\u00e9tique M\u00e9moFil<\/a> 60&#215;60<\/b><span style=\"font-weight: 400;\"> : soutien confortable pour les douleurs cervicales et entretien facile.<\/span><\/li>\n<li style=\"font-weight: 400;\" aria-level=\"1\"><a href=\"https:\/\/linandelle.com\/fr\/produit\/oreiller-enveloppe-percale-nuage\/\"><b>Oreiller enveloppe percale Nuage<\/b><\/a><span style=\"font-weight: 400;\"> : enveloppe respirante en percale de coton pour des nuits plus fra\u00eeches.<\/span><\/li>\n<\/ul>\n<p><span style=\"font-weight: 400;\">Retrouvez toute notre s\u00e9lection d\u2019oreillers et traversins Linandelle pour choisir le mod\u00e8le qui correspond \u00e0 votre fa\u00e7on de dormir.<\/span><b><\/b><\/p>\n<p>[\/et_pb_text][et_pb_button button_url=\u00a0\u00bbhttps:\/\/linandelle.com\/fr\/promo-linandelle\/\u00a0\u00bb button_text=\u00a0\u00bbD\u00e9couvrir les articles en promo\u00a0\u00bb button_alignment=\u00a0\u00bbcenter\u00a0\u00bb button_alignment_tablet=\u00a0\u00bbleft\u00a0\u00bb button_alignment_phone=\u00a0\u00bbcenter\u00a0\u00bb button_alignment_last_edited=\u00a0\u00bbon|desktop\u00a0\u00bb _builder_version=\u00a0\u00bb4.27.6&Prime; _module_preset=\u00a0\u00bbdefault\u00a0\u00bb custom_button=\u00a0\u00bbon\u00a0\u00bb button_text_size=\u00a0\u00bb1.25rem\u00a0\u00bb button_font=\u00a0\u00bb&#8211;et_global_body_font|300|||on|||#154741|\u00a0\u00bb button_use_icon=\u00a0\u00bboff\u00a0\u00bb locked=\u00a0\u00bboff\u00a0\u00bb global_colors_info=\u00a0\u00bb{}\u00a0\u00bb theme_builder_area=\u00a0\u00bbpost_content\u00a0\u00bb][\/et_pb_button][\/et_pb_column][\/et_pb_row][\/et_pb_section][et_pb_section fb_built=\u00a0\u00bb1&Prime; admin_label=\u00a0\u00bbCat\u00e9gorie phare\u00a0\u00bb _builder_version=\u00a0\u00bb4.27.5&Prime; _module_preset=\u00a0\u00bbdefault\u00a0\u00bb custom_margin=\u00a0\u00bb2rem||||false|false\u00a0\u00bb custom_padding=\u00a0\u00bb0px||0px||false|false\u00a0\u00bb collapsed=\u00a0\u00bbon\u00a0\u00bb global_colors_info=\u00a0\u00bb{}\u00a0\u00bb theme_builder_area=\u00a0\u00bbpost_content\u00a0\u00bb][et_pb_row make_equal=\u00a0\u00bbon\u00a0\u00bb _builder_version=\u00a0\u00bb4.27.6&Prime; _module_preset=\u00a0\u00bbdefault\u00a0\u00bb custom_padding=\u00a0\u00bb0px||||false|false\u00a0\u00bb global_colors_info=\u00a0\u00bb{}\u00a0\u00bb theme_builder_area=\u00a0\u00bbpost_content\u00a0\u00bb][et_pb_column type=\u00a0\u00bb4_4&Prime; _builder_version=\u00a0\u00bb4.27.5&Prime; _module_preset=\u00a0\u00bbdefault\u00a0\u00bb custom_padding=\u00a0\u00bb||||false|false\u00a0\u00bb global_colors_info=\u00a0\u00bb{}\u00a0\u00bb theme_builder_area=\u00a0\u00bbpost_content\u00a0\u00bb][et_pb_text _builder_version=\u00a0\u00bb4.27.6&Prime; _module_preset=\u00a0\u00bbdefault\u00a0\u00bb header_2_font=\u00a0\u00bb|||on|||||\u00a0\u00bb header_2_line_height=\u00a0\u00bb1.5em\u00a0\u00bb background_color=\u00a0\u00bb#4D716C\u00a0\u00bb width=\u00a0\u00bb100%\u00a0\u00bb module_alignment=\u00a0\u00bbleft\u00a0\u00bb custom_margin=\u00a0\u00bb14px||||false|false\u00a0\u00bb custom_padding=\u00a0\u00bb5px||16px|15px|false|false\u00a0\u00bb border_radii=\u00a0\u00bbon|12px|12px|12px|12px\u00a0\u00bb locked=\u00a0\u00bboff\u00a0\u00bb global_colors_info=\u00a0\u00bb{}\u00a0\u00bb theme_builder_area=\u00a0\u00bbpost_content\u00a0\u00bb]<\/p>\n<h2 style=\"text-align: left;\"><span style=\"color: #ffffff;\"><b>En r\u00e9sum\u00e9 : quel oreiller choisir pour bien dormir ?<\/b><\/span><\/h2>\n<p style=\"text-align: left;\"><span style=\"color: #ffffff;\"><strong>Le bon oreiller d\u00e9pend de :<\/strong><\/span><\/p>\n<ul style=\"text-align: left;\">\n<li style=\"font-weight: 400;\" aria-level=\"1\"><span style=\"font-weight: 400; color: #ffffff;\">votre position de sommeil<\/span><\/li>\n<li style=\"font-weight: 400;\" aria-level=\"1\"><span style=\"font-weight: 400; color: #ffffff;\">votre sensibilit\u00e9 \u00e0 la chaleur<\/span><\/li>\n<li style=\"font-weight: 400;\" aria-level=\"1\"><span style=\"font-weight: 400; color: #ffffff;\">vos \u00e9ventuelles allergies<\/span><\/li>\n<li style=\"font-weight: 400;\" aria-level=\"1\"><span style=\"font-weight: 400; color: #ffffff;\">votre besoin de soutien cervical<\/span><\/li>\n<\/ul>\n<p style=\"text-align: left;\"><span style=\"font-weight: 400; color: #ffffff;\">Un oreiller adapt\u00e9 am\u00e9liore l\u2019alignement du corps, r\u00e9duit les tensions et favorise un sommeil plus r\u00e9parateur. \u00c0 l\u2019occasion de la Journ\u00e9e mondiale du sommeil, prenez le temps d\u2019\u00e9valuer votre confort. Votre qualit\u00e9 de repos commence souvent par un simple changement d\u2019oreiller.<\/span><\/p>\n<p style=\"text-align: left;\"><span style=\"font-weight: 400; color: #ffffff;\"><\/span><\/p>\n<p>[\/et_pb_text][\/et_pb_column][\/et_pb_row][et_pb_row make_equal=\u00a0\u00bbon\u00a0\u00bb _builder_version=\u00a0\u00bb4.27.5&Prime; _module_preset=\u00a0\u00bbdefault\u00a0\u00bb custom_padding=\u00a0\u00bb0px||0px||false|false\u00a0\u00bb global_colors_info=\u00a0\u00bb{}\u00a0\u00bb theme_builder_area=\u00a0\u00bbpost_content\u00a0\u00bb][et_pb_column type=\u00a0\u00bb4_4&Prime; _builder_version=\u00a0\u00bb4.27.5&Prime; _module_preset=\u00a0\u00bbdefault\u00a0\u00bb custom_padding=\u00a0\u00bb||||false|false\u00a0\u00bb global_colors_info=\u00a0\u00bb{}\u00a0\u00bb theme_builder_area=\u00a0\u00bbpost_content\u00a0\u00bb][et_pb_text _builder_version=\u00a0\u00bb4.27.5&Prime; _module_preset=\u00a0\u00bbdefault\u00a0\u00bb header_2_font=\u00a0\u00bb|||on|||||\u00a0\u00bb header_2_line_height=\u00a0\u00bb1.5em\u00a0\u00bb custom_margin=\u00a0\u00bb||0px||false|false\u00a0\u00bb custom_padding=\u00a0\u00bb||0px||false|false\u00a0\u00bb locked=\u00a0\u00bboff\u00a0\u00bb global_colors_info=\u00a0\u00bb{}\u00a0\u00bb theme_builder_area=\u00a0\u00bbpost_content\u00a0\u00bb]<\/p>\n<h2>D\u00e9couvrez nos <strong>produits phares en linge de lit<\/strong><\/h2>\n<p>Selon vos besoins, certaines cat\u00e9gories de linge de lit seront plus adapt\u00e9es que d\u2019autres. Pour vous aider \u00e0 faire le bon choix, retrouvez ci-dessous les essentiels \u00e0 explorer.<\/p>\n<p>[\/et_pb_text][\/et_pb_column][\/et_pb_row][et_pb_row make_equal=\u00a0\u00bbon\u00a0\u00bb _builder_version=\u00a0\u00bb4.27.5&Prime; _module_preset=\u00a0\u00bbdefault\u00a0\u00bb custom_margin=\u00a0\u00bb||0px||false|false\u00a0\u00bb custom_padding=\u00a0\u00bb||0px||false|false\u00a0\u00bb custom_css_free_form=\u00a0\u00bbselector .et_pb_column{display:flex; flex-direction:row; justify-content:space-between; flex-wrap:nowrap; gap:2rem;}||selector .et_pb_column .et_pb_module{padding:0;}||||@media (max-width:980px){||  selector .et_pb_column{flex-wrap:wrap;}||  selector .et_pb_column .et_pb_module{flex: 1 1 30%;}||}\u00a0\u00bb global_colors_info=\u00a0\u00bb{}\u00a0\u00bb theme_builder_area=\u00a0\u00bbpost_content\u00a0\u00bb][et_pb_column type=\u00a0\u00bb4_4&Prime; _builder_version=\u00a0\u00bb4.27.5&Prime; _module_preset=\u00a0\u00bbdefault\u00a0\u00bb custom_padding=\u00a0\u00bb||0px||false|false\u00a0\u00bb global_colors_info=\u00a0\u00bb{}\u00a0\u00bb theme_builder_area=\u00a0\u00bbpost_content\u00a0\u00bb][et_pb_cta admin_label=\u00a0\u00bbPeignoir\u00a0\u00bb _builder_version=\u00a0\u00bb4.27.5&Prime; _module_preset=\u00a0\u00bbdefault\u00a0\u00bb body_font=\u00a0\u00bb|||on|||||\u00a0\u00bb background_color=\u00a0\u00bbRGBA(255,255,255,0)\u00a0\u00bb custom_button=\u00a0\u00bbon\u00a0\u00bb button_text_size=\u00a0\u00bb1rem\u00a0\u00bb button_text_color=\u00a0\u00bb#FFFFFF\u00a0\u00bb button_bg_color=\u00a0\u00bbRGBA(255,255,255,0)\u00a0\u00bb button_border_width=\u00a0\u00bb0px\u00a0\u00bb button_border_color=\u00a0\u00bbRGBA(255,255,255,0)\u00a0\u00bb button_border_radius=\u00a0\u00bb20px\u00a0\u00bb button_use_icon=\u00a0\u00bboff\u00a0\u00bb background_layout=\u00a0\u00bblight\u00a0\u00bb link_option_url=\u00a0\u00bbhttps:\/\/linandelle.com\/fr\/categorie\/linge-de-lit\/parures-de-lit\/\u00a0\u00bb global_colors_info=\u00a0\u00bb{}\u00a0\u00bb theme_builder_area=\u00a0\u00bbpost_content\u00a0\u00bb]<\/p>\n<p><img loading=\"lazy\" decoding=\"async\" src=\"https:\/\/linandelle.com\/wp-content\/uploads\/2026\/01\/parure-copie.jpg\" width=\"154\" height=\"121\" alt=\"Parure de lit Linandelle\" class=\"wp-image-87055 alignnone size-full\" srcset=\"https:\/\/linandelle.com\/wp-content\/uploads\/2026\/01\/parure-copie.jpg 154w, https:\/\/linandelle.com\/wp-content\/uploads\/2026\/01\/parure-copie-64x50.jpg 64w\" sizes=\"(max-width: 154px) 100vw, 154px\" \/><\/p>\n<p>Parure de lit<\/p>\n<p>[\/et_pb_cta][et_pb_cta admin_label=\u00a0\u00bbPeignoir\u00a0\u00bb _builder_version=\u00a0\u00bb4.27.5&Prime; _module_preset=\u00a0\u00bbdefault\u00a0\u00bb body_font=\u00a0\u00bb|||on|||||\u00a0\u00bb background_color=\u00a0\u00bbRGBA(255,255,255,0)\u00a0\u00bb custom_button=\u00a0\u00bbon\u00a0\u00bb button_text_size=\u00a0\u00bb1rem\u00a0\u00bb button_text_color=\u00a0\u00bb#FFFFFF\u00a0\u00bb button_bg_color=\u00a0\u00bbRGBA(255,255,255,0)\u00a0\u00bb button_border_width=\u00a0\u00bb0px\u00a0\u00bb button_border_color=\u00a0\u00bbRGBA(255,255,255,0)\u00a0\u00bb button_border_radius=\u00a0\u00bb20px\u00a0\u00bb button_use_icon=\u00a0\u00bboff\u00a0\u00bb background_layout=\u00a0\u00bblight\u00a0\u00bb link_option_url=\u00a0\u00bbhttps:\/\/linandelle.com\/fr\/categorie\/linge-de-lit\/housses-de-couettes-unies\/\u00a0\u00bb global_colors_info=\u00a0\u00bb{}\u00a0\u00bb theme_builder_area=\u00a0\u00bbpost_content\u00a0\u00bb]<\/p>\n<p><img loading=\"lazy\" decoding=\"async\" src=\"https:\/\/linandelle.com\/wp-content\/uploads\/2026\/01\/housse-de-couette-copie.jpg\" width=\"154\" height=\"121\" alt=\"Housse de couette Linandelle\" class=\"wp-image-87056 alignnone size-full\" srcset=\"https:\/\/linandelle.com\/wp-content\/uploads\/2026\/01\/housse-de-couette-copie.jpg 154w, https:\/\/linandelle.com\/wp-content\/uploads\/2026\/01\/housse-de-couette-copie-64x50.jpg 64w\" sizes=\"(max-width: 154px) 100vw, 154px\" \/><\/p>\n<p>Housse de couette<\/p>\n<p>[\/et_pb_cta][et_pb_cta admin_label=\u00a0\u00bbPeignoir\u00a0\u00bb _builder_version=\u00a0\u00bb4.27.5&Prime; _module_preset=\u00a0\u00bbdefault\u00a0\u00bb body_font=\u00a0\u00bb|||on|||||\u00a0\u00bb background_color=\u00a0\u00bbRGBA(255,255,255,0)\u00a0\u00bb custom_button=\u00a0\u00bbon\u00a0\u00bb button_text_size=\u00a0\u00bb1rem\u00a0\u00bb button_text_color=\u00a0\u00bb#FFFFFF\u00a0\u00bb button_bg_color=\u00a0\u00bbRGBA(255,255,255,0)\u00a0\u00bb button_border_width=\u00a0\u00bb0px\u00a0\u00bb button_border_color=\u00a0\u00bbRGBA(255,255,255,0)\u00a0\u00bb button_border_radius=\u00a0\u00bb20px\u00a0\u00bb button_use_icon=\u00a0\u00bboff\u00a0\u00bb background_layout=\u00a0\u00bblight\u00a0\u00bb link_option_url=\u00a0\u00bbhttps:\/\/linandelle.com\/fr\/categorie\/linge-de-lit\/housses-de-couettes-unies\/\u00a0\u00bb global_colors_info=\u00a0\u00bb{}\u00a0\u00bb theme_builder_area=\u00a0\u00bbpost_content\u00a0\u00bb]<\/p>\n<p><img loading=\"lazy\" decoding=\"async\" src=\"https:\/\/linandelle.com\/wp-content\/uploads\/2026\/01\/taie-oreiller-copie.jpg\" width=\"154\" height=\"121\" alt=\"Taie d'oreiller Linandelle\" class=\"wp-image-87057 alignnone size-full\" srcset=\"https:\/\/linandelle.com\/wp-content\/uploads\/2026\/01\/taie-oreiller-copie.jpg 154w, https:\/\/linandelle.com\/wp-content\/uploads\/2026\/01\/taie-oreiller-copie-64x50.jpg 64w\" sizes=\"(max-width: 154px) 100vw, 154px\" \/><\/p>\n<p>Taie d&rsquo;oreiller<\/p>\n<p>[\/et_pb_cta][et_pb_cta admin_label=\u00a0\u00bbPeignoir\u00a0\u00bb _builder_version=\u00a0\u00bb4.27.5&Prime; _module_preset=\u00a0\u00bbdefault\u00a0\u00bb body_font=\u00a0\u00bb|||on|||||\u00a0\u00bb background_color=\u00a0\u00bbRGBA(255,255,255,0)\u00a0\u00bb custom_button=\u00a0\u00bbon\u00a0\u00bb button_text_size=\u00a0\u00bb1rem\u00a0\u00bb button_text_color=\u00a0\u00bb#FFFFFF\u00a0\u00bb button_bg_color=\u00a0\u00bbRGBA(255,255,255,0)\u00a0\u00bb button_border_width=\u00a0\u00bb0px\u00a0\u00bb button_border_color=\u00a0\u00bbRGBA(255,255,255,0)\u00a0\u00bb button_border_radius=\u00a0\u00bb20px\u00a0\u00bb button_use_icon=\u00a0\u00bboff\u00a0\u00bb background_layout=\u00a0\u00bblight\u00a0\u00bb link_option_url=\u00a0\u00bbhttps:\/\/linandelle.com\/fr\/categorie\/linge-de-lit\/drap-housse\/\u00a0\u00bb global_colors_info=\u00a0\u00bb{}\u00a0\u00bb theme_builder_area=\u00a0\u00bbpost_content\u00a0\u00bb]<\/p>\n<p><img loading=\"lazy\" decoding=\"async\" src=\"https:\/\/linandelle.com\/wp-content\/uploads\/2026\/01\/drap-housse-copie.jpg\" width=\"154\" height=\"121\" alt=\"Drap housse Linandelle\" class=\"wp-image-87058 alignnone size-full\" srcset=\"https:\/\/linandelle.com\/wp-content\/uploads\/2026\/01\/drap-housse-copie.jpg 154w, https:\/\/linandelle.com\/wp-content\/uploads\/2026\/01\/drap-housse-copie-64x50.jpg 64w\" sizes=\"(max-width: 154px) 100vw, 154px\" \/><\/p>\n<p>Drap housse<\/p>\n<p>[\/et_pb_cta][et_pb_cta admin_label=\u00a0\u00bbPeignoir\u00a0\u00bb _builder_version=\u00a0\u00bb4.27.5&Prime; _module_preset=\u00a0\u00bbdefault\u00a0\u00bb body_font=\u00a0\u00bb|||on|||||\u00a0\u00bb background_color=\u00a0\u00bbRGBA(255,255,255,0)\u00a0\u00bb custom_button=\u00a0\u00bbon\u00a0\u00bb button_text_size=\u00a0\u00bb1rem\u00a0\u00bb button_text_color=\u00a0\u00bb#FFFFFF\u00a0\u00bb button_bg_color=\u00a0\u00bbRGBA(255,255,255,0)\u00a0\u00bb button_border_width=\u00a0\u00bb0px\u00a0\u00bb button_border_color=\u00a0\u00bbRGBA(255,255,255,0)\u00a0\u00bb button_border_radius=\u00a0\u00bb20px\u00a0\u00bb button_use_icon=\u00a0\u00bboff\u00a0\u00bb background_layout=\u00a0\u00bblight\u00a0\u00bb link_option_url=\u00a0\u00bbhttps:\/\/linandelle.com\/fr\/categorie\/linge-de-lit\/drap-plat-uni\/\u00a0\u00bb global_colors_info=\u00a0\u00bb{}\u00a0\u00bb theme_builder_area=\u00a0\u00bbpost_content\u00a0\u00bb]<\/p>\n<p><img loading=\"lazy\" decoding=\"async\" src=\"https:\/\/linandelle.com\/wp-content\/uploads\/2026\/01\/drap-plat-copie.jpg\" width=\"154\" height=\"121\" alt=\"Drap plat Linandelle\" class=\"wp-image-87059 alignnone size-full\" srcset=\"https:\/\/linandelle.com\/wp-content\/uploads\/2026\/01\/drap-plat-copie.jpg 154w, https:\/\/linandelle.com\/wp-content\/uploads\/2026\/01\/drap-plat-copie-64x50.jpg 64w\" sizes=\"(max-width: 154px) 100vw, 154px\" \/><\/p>\n<p>Drap plat<\/p>\n<p>[\/et_pb_cta][et_pb_cta admin_label=\u00a0\u00bbPeignoir\u00a0\u00bb _builder_version=\u00a0\u00bb4.27.5&Prime; _module_preset=\u00a0\u00bbdefault\u00a0\u00bb body_font=\u00a0\u00bb|||on|||||\u00a0\u00bb background_color=\u00a0\u00bbRGBA(255,255,255,0)\u00a0\u00bb custom_button=\u00a0\u00bbon\u00a0\u00bb button_text_size=\u00a0\u00bb1rem\u00a0\u00bb button_text_color=\u00a0\u00bb#FFFFFF\u00a0\u00bb button_bg_color=\u00a0\u00bbRGBA(255,255,255,0)\u00a0\u00bb button_border_width=\u00a0\u00bb0px\u00a0\u00bb button_border_color=\u00a0\u00bbRGBA(255,255,255,0)\u00a0\u00bb button_border_radius=\u00a0\u00bb20px\u00a0\u00bb button_use_icon=\u00a0\u00bboff\u00a0\u00bb background_layout=\u00a0\u00bblight\u00a0\u00bb link_option_url=\u00a0\u00bbhttps:\/\/linandelle.com\/fr\/categorie\/linge-de-lit\/protege-matelas\/\u00a0\u00bb global_colors_info=\u00a0\u00bb{}\u00a0\u00bb theme_builder_area=\u00a0\u00bbpost_content\u00a0\u00bb]<\/p>\n<p><img loading=\"lazy\" decoding=\"async\" src=\"https:\/\/linandelle.com\/wp-content\/uploads\/2026\/01\/protege-matelas-copie.jpg\" width=\"154\" height=\"121\" alt=\"Prot\u00e8ge matelas Linandelle\" class=\"wp-image-87060 alignnone size-full\" srcset=\"https:\/\/linandelle.com\/wp-content\/uploads\/2026\/01\/protege-matelas-copie.jpg 154w, https:\/\/linandelle.com\/wp-content\/uploads\/2026\/01\/protege-matelas-copie-64x50.jpg 64w\" sizes=\"(max-width: 154px) 100vw, 154px\" \/><\/p>\n<p>Prot\u00e8ge matelas<\/p>\n<p>[\/et_pb_cta][et_pb_cta admin_label=\u00a0\u00bbPeignoir\u00a0\u00bb _builder_version=\u00a0\u00bb4.27.5&Prime; _module_preset=\u00a0\u00bbdefault\u00a0\u00bb body_font=\u00a0\u00bb|||on|||||\u00a0\u00bb background_color=\u00a0\u00bbRGBA(255,255,255,0)\u00a0\u00bb custom_button=\u00a0\u00bbon\u00a0\u00bb button_text_size=\u00a0\u00bb1rem\u00a0\u00bb button_text_color=\u00a0\u00bb#FFFFFF\u00a0\u00bb button_bg_color=\u00a0\u00bbRGBA(255,255,255,0)\u00a0\u00bb button_border_width=\u00a0\u00bb0px\u00a0\u00bb button_border_color=\u00a0\u00bbRGBA(255,255,255,0)\u00a0\u00bb button_border_radius=\u00a0\u00bb20px\u00a0\u00bb button_use_icon=\u00a0\u00bboff\u00a0\u00bb background_layout=\u00a0\u00bblight\u00a0\u00bb link_option_url=\u00a0\u00bbhttps:\/\/linandelle.com\/fr\/categorie\/linge-de-lit\/couettes-toutes-saisons\/\u00a0\u00bb global_colors_info=\u00a0\u00bb{}\u00a0\u00bb theme_builder_area=\u00a0\u00bbpost_content\u00a0\u00bb]<\/p>\n<p><img loading=\"lazy\" decoding=\"async\" src=\"https:\/\/linandelle.com\/wp-content\/uploads\/2026\/01\/couette-copie.jpg\" width=\"154\" height=\"121\" alt=\"Couette Linandelle\" class=\"wp-image-87061 alignnone size-full\" srcset=\"https:\/\/linandelle.com\/wp-content\/uploads\/2026\/01\/couette-copie.jpg 154w, https:\/\/linandelle.com\/wp-content\/uploads\/2026\/01\/couette-copie-64x50.jpg 64w\" sizes=\"(max-width: 154px) 100vw, 154px\" \/><\/p>\n<p>Couette<\/p>\n<p>[\/et_pb_cta][et_pb_cta admin_label=\u00a0\u00bbPeignoir\u00a0\u00bb _builder_version=\u00a0\u00bb4.27.5&Prime; _module_preset=\u00a0\u00bbdefault\u00a0\u00bb body_font=\u00a0\u00bb|||on|||||\u00a0\u00bb background_color=\u00a0\u00bbRGBA(255,255,255,0)\u00a0\u00bb custom_button=\u00a0\u00bbon\u00a0\u00bb button_text_size=\u00a0\u00bb1rem\u00a0\u00bb button_text_color=\u00a0\u00bb#FFFFFF\u00a0\u00bb button_bg_color=\u00a0\u00bbRGBA(255,255,255,0)\u00a0\u00bb button_border_width=\u00a0\u00bb0px\u00a0\u00bb button_border_color=\u00a0\u00bbRGBA(255,255,255,0)\u00a0\u00bb button_border_radius=\u00a0\u00bb20px\u00a0\u00bb button_use_icon=\u00a0\u00bboff\u00a0\u00bb background_layout=\u00a0\u00bblight\u00a0\u00bb link_option_url=\u00a0\u00bbhttps:\/\/linandelle.com\/fr\/categorie\/linge-de-lit\/oreillers-et-traversins-linge-de-lit\/\u00a0\u00bb global_colors_info=\u00a0\u00bb{}\u00a0\u00bb theme_builder_area=\u00a0\u00bbpost_content\u00a0\u00bb]<\/p>\n<p><img loading=\"lazy\" decoding=\"async\" src=\"https:\/\/linandelle.com\/wp-content\/uploads\/2026\/01\/oreiller-copie.jpg\" width=\"154\" height=\"121\" alt=\"Oreiller Linandelle\" class=\"wp-image-87062 alignnone size-full\" srcset=\"https:\/\/linandelle.com\/wp-content\/uploads\/2026\/01\/oreiller-copie.jpg 154w, https:\/\/linandelle.com\/wp-content\/uploads\/2026\/01\/oreiller-copie-64x50.jpg 64w\" sizes=\"(max-width: 154px) 100vw, 154px\" \/><\/p>\n<p>Oreiller<\/p>\n<p>[\/et_pb_cta][\/et_pb_column][\/et_pb_row][\/et_pb_section][et_pb_section fb_built=\u00a0\u00bb1&Prime; inner_shadow=\u00a0\u00bbon\u00a0\u00bb admin_label=\u00a0\u00bbBien choisir son linge\u00a0\u00bb _builder_version=\u00a0\u00bb4.27.5&Prime; _module_preset=\u00a0\u00bbdefault\u00a0\u00bb background_color=\u00a0\u00bbRGBA(255,255,255,0)\u00a0\u00bb custom_padding=\u00a0\u00bb0px|0px|0px|0px|false|false\u00a0\u00bb locked=\u00a0\u00bboff\u00a0\u00bb global_colors_info=\u00a0\u00bb{}\u00a0\u00bb theme_builder_area=\u00a0\u00bbpost_content\u00a0\u00bb][\/et_pb_section][et_pb_section fb_built=\u00a0\u00bb1&Prime; inner_shadow=\u00a0\u00bbon\u00a0\u00bb admin_label=\u00a0\u00bbInscription newsletter\u00a0\u00bb _builder_version=\u00a0\u00bb4.27.5&Prime; _module_preset=\u00a0\u00bbdefault\u00a0\u00bb background_color=\u00a0\u00bb#FBF9F6&Prime; background_image=\u00a0\u00bbhttps:\/\/linandelle.com\/wp-content\/uploads\/2025\/12\/Mail.png\u00a0\u00bb background_size=\u00a0\u00bbinitial\u00a0\u00bb background_position=\u00a0\u00bbbottom_right\u00a0\u00bb background_horizontal_offset=\u00a0\u00bb5%\u00a0\u00bb custom_margin=\u00a0\u00bb3rem||||false|false\u00a0\u00bb custom_padding=\u00a0\u00bb0px|0px|0px|0px|false|false\u00a0\u00bb locked=\u00a0\u00bboff\u00a0\u00bb collapsed=\u00a0\u00bbon\u00a0\u00bb global_colors_info=\u00a0\u00bb{}\u00a0\u00bb theme_builder_area=\u00a0\u00bbpost_content\u00a0\u00bb][et_pb_row make_equal=\u00a0\u00bbon\u00a0\u00bb _builder_version=\u00a0\u00bb4.27.5&Prime; _module_preset=\u00a0\u00bbdefault\u00a0\u00bb module_alignment=\u00a0\u00bbcenter\u00a0\u00bb custom_padding=\u00a0\u00bb0px||0px||false|false\u00a0\u00bb global_colors_info=\u00a0\u00bb{}\u00a0\u00bb theme_builder_area=\u00a0\u00bbpost_content\u00a0\u00bb][et_pb_column type=\u00a0\u00bb4_4&Prime; _builder_version=\u00a0\u00bb4.27.5&Prime; _module_preset=\u00a0\u00bbdefault\u00a0\u00bb custom_padding=\u00a0\u00bb2rem|2rem|2rem|2rem|false|false\u00a0\u00bb global_colors_info=\u00a0\u00bb{}\u00a0\u00bb theme_builder_area=\u00a0\u00bbpost_content\u00a0\u00bb][et_pb_text _builder_version=\u00a0\u00bb4.27.5&Prime; _module_preset=\u00a0\u00bbdefault\u00a0\u00bb header_2_font=\u00a0\u00bb|||on|||||\u00a0\u00bb header_2_line_height=\u00a0\u00bb1.5em\u00a0\u00bb custom_margin=\u00a0\u00bb0px||||false|false\u00a0\u00bb global_colors_info=\u00a0\u00bb{}\u00a0\u00bb theme_builder_area=\u00a0\u00bbpost_content\u00a0\u00bb]<\/p>\n<h2><strong>Rejoindre la communaut\u00e9<\/strong> Linandelle<\/h2>\n<p>D\u2019autres attentions pourraient bien suivre\u2026 en vous inscrivant \u00e0 notre <strong>newsletter<\/strong>, vous profitez :<\/p>\n<ul>\n<li>d\u2019offres exclusives,<\/li>\n<li>d\u2019avant-premi\u00e8res,<\/li>\n<li>d\u2019id\u00e9es d\u00e9co et inspirations autour du linge de maison,<\/li>\n<li>et de contenus pens\u00e9s pour vous accompagner au fil des saisons.<\/li>\n<\/ul>\n<p>[\/et_pb_text][et_pb_button button_url=\u00a0\u00bbhttps:\/\/linandelle.com\/fr\/inscription-newsletter\/\u00a0\u00bb button_text=\u00a0\u00bbJe m\u2019inscris \u00e0 la newsletter Linandelle\u00a0\u00bb button_alignment=\u00a0\u00bbleft\u00a0\u00bb button_alignment_tablet=\u00a0\u00bbleft\u00a0\u00bb button_alignment_phone=\u00a0\u00bbcenter\u00a0\u00bb button_alignment_last_edited=\u00a0\u00bbon|phone\u00a0\u00bb _builder_version=\u00a0\u00bb4.27.5&Prime; _module_preset=\u00a0\u00bbdefault\u00a0\u00bb custom_button=\u00a0\u00bbon\u00a0\u00bb button_text_size=\u00a0\u00bb1.25rem\u00a0\u00bb button_font=\u00a0\u00bb&#8211;et_global_body_font|300|||on|||#154741|\u00a0\u00bb button_use_icon=\u00a0\u00bboff\u00a0\u00bb locked=\u00a0\u00bboff\u00a0\u00bb global_colors_info=\u00a0\u00bb{}\u00a0\u00bb theme_builder_area=\u00a0\u00bbpost_content\u00a0\u00bb][\/et_pb_button][\/et_pb_column][\/et_pb_row][\/et_pb_section]<\/p>\n","protected":false},"excerpt":{"rendered":"<p>Vous vous r\u00e9veillez avec la nuque raide ?\u00a0 Vous avez chaud la nuit ou vous \u00e9ternuez d\u00e8s que votre t\u00eate touche l\u2019oreiller ? Si vos nuits ne sont pas vraiment r\u00e9paratrices, votre oreiller est peut-\u00eatre en cause. \u00c0 l\u2019occasion de la Journ\u00e9e mondiale du sommeil, le vendredi 13 mars, c\u2019est le moment id\u00e9al pour faire [&hellip;]<\/p>\n","protected":false},"author":16425,"featured_media":88482,"comment_status":"closed","ping_status":"open","sticky":false,"template":"","format":"standard","meta":{"_et_pb_use_builder":"on","_et_pb_old_content":"","_et_gb_content_width":"","footnotes":""},"categories":[1,898],"tags":[],"class_list":["post-88465","post","type-post","status-publish","format-standard","has-post-thumbnail","hentry","category-blog-linge-de-maison-linandelle","category-conseils-informations-et-entretien"],"yoast_head":"<!-- This site is optimized with the Yoast SEO Premium plugin v27.5 (Yoast SEO v27.5) - https:\/\/yoast.com\/product\/yoast-seo-premium-wordpress\/ -->\n<title>Quel oreiller choisir pour bien dormir | Linandelle - linge de lit<\/title>\n<meta name=\"description\" content=\"Le guide Linandelle pour choisir l\u2019oreiller parfait selon vos douleurs cervicales, transpiration nocturne ou allergies.\" \/>\n<meta name=\"robots\" content=\"index, follow, max-snippet:-1, max-image-preview:large, max-video-preview:-1\" \/>\n<link rel=\"canonical\" href=\"https:\/\/linandelle.com\/fr\/quel-oreiller-choisir-pour-bien-dormir\/\" \/>\n<meta property=\"og:locale\" content=\"fr_FR\" \/>\n<meta property=\"og:type\" content=\"article\" \/>\n<meta property=\"og:title\" content=\"Quel oreiller choisir pour bien dormir | Linandelle - linge de lit\" \/>\n<meta property=\"og:description\" content=\"Le guide Linandelle pour choisir l\u2019oreiller parfait selon vos douleurs cervicales, transpiration nocturne ou allergies.\" \/>\n<meta property=\"og:url\" content=\"https:\/\/linandelle.com\/fr\/quel-oreiller-choisir-pour-bien-dormir\/\" \/>\n<meta property=\"og:site_name\" content=\"Linandelle\" \/>\n<meta property=\"article:publisher\" content=\"https:\/\/www.facebook.com\/Linandelle\" \/>\n<meta property=\"article:published_time\" content=\"2026-03-10T23:00:57+00:00\" \/>\n<meta property=\"article:modified_time\" content=\"2026-03-17T21:26:00+00:00\" \/>\n<meta property=\"og:image\" content=\"https:\/\/linandelle.com\/wp-content\/uploads\/2026\/03\/MINIATURE-ARTICLE-BLOG-LINANDELLE-1.png\" \/>\n\t<meta property=\"og:image:width\" content=\"1250\" \/>\n\t<meta property=\"og:image:height\" content=\"781\" \/>\n\t<meta property=\"og:image:type\" content=\"image\/png\" \/>\n<meta name=\"author\" content=\"Cassandra\" \/>\n<meta name=\"twitter:card\" content=\"summary_large_image\" \/>\n<meta name=\"twitter:label1\" content=\"\u00c9crit par\" \/>\n\t<meta name=\"twitter:data1\" content=\"Cassandra\" \/>\n\t<meta name=\"twitter:label2\" content=\"Dur\u00e9e de lecture estim\u00e9e\" \/>\n\t<meta name=\"twitter:data2\" content=\"10 minutes\" \/>\n<script type=\"application\/ld+json\" class=\"yoast-schema-graph\">{\"@context\":\"https:\\\/\\\/schema.org\",\"@graph\":[{\"@type\":\"Article\",\"@id\":\"https:\\\/\\\/linandelle.com\\\/fr\\\/quel-oreiller-choisir-pour-bien-dormir\\\/#article\",\"isPartOf\":{\"@id\":\"https:\\\/\\\/linandelle.com\\\/fr\\\/quel-oreiller-choisir-pour-bien-dormir\\\/\"},\"author\":{\"name\":\"Cassandra\",\"@id\":\"https:\\\/\\\/linandelle.com\\\/fr\\\/#\\\/schema\\\/person\\\/a51fab88a2fb18d4afa38dacd8211621\"},\"headline\":\"Quel oreiller choisir pour bien dormir : douleurs cervicales, transpiration, allergies\",\"datePublished\":\"2026-03-10T23:00:57+00:00\",\"dateModified\":\"2026-03-17T21:26:00+00:00\",\"mainEntityOfPage\":{\"@id\":\"https:\\\/\\\/linandelle.com\\\/fr\\\/quel-oreiller-choisir-pour-bien-dormir\\\/\"},\"wordCount\":4333,\"publisher\":{\"@id\":\"https:\\\/\\\/linandelle.com\\\/fr\\\/#organization\"},\"image\":{\"@id\":\"https:\\\/\\\/linandelle.com\\\/fr\\\/quel-oreiller-choisir-pour-bien-dormir\\\/#primaryimage\"},\"thumbnailUrl\":\"https:\\\/\\\/linandelle.com\\\/wp-content\\\/uploads\\\/2026\\\/03\\\/MINIATURE-ARTICLE-BLOG-LINANDELLE-1.png\",\"articleSection\":[\"Blog linge de maison Linandelle\",\"Conseils, informations &amp; entretien\"],\"inLanguage\":\"fr-FR\"},{\"@type\":\"WebPage\",\"@id\":\"https:\\\/\\\/linandelle.com\\\/fr\\\/quel-oreiller-choisir-pour-bien-dormir\\\/\",\"url\":\"https:\\\/\\\/linandelle.com\\\/fr\\\/quel-oreiller-choisir-pour-bien-dormir\\\/\",\"name\":\"Quel oreiller choisir pour bien dormir | Linandelle - linge de lit\",\"isPartOf\":{\"@id\":\"https:\\\/\\\/linandelle.com\\\/fr\\\/#website\"},\"primaryImageOfPage\":{\"@id\":\"https:\\\/\\\/linandelle.com\\\/fr\\\/quel-oreiller-choisir-pour-bien-dormir\\\/#primaryimage\"},\"image\":{\"@id\":\"https:\\\/\\\/linandelle.com\\\/fr\\\/quel-oreiller-choisir-pour-bien-dormir\\\/#primaryimage\"},\"thumbnailUrl\":\"https:\\\/\\\/linandelle.com\\\/wp-content\\\/uploads\\\/2026\\\/03\\\/MINIATURE-ARTICLE-BLOG-LINANDELLE-1.png\",\"datePublished\":\"2026-03-10T23:00:57+00:00\",\"dateModified\":\"2026-03-17T21:26:00+00:00\",\"description\":\"Le guide Linandelle pour choisir l\u2019oreiller parfait selon vos douleurs cervicales, transpiration nocturne ou allergies.\",\"inLanguage\":\"fr-FR\",\"potentialAction\":[{\"@type\":\"ReadAction\",\"target\":[\"https:\\\/\\\/linandelle.com\\\/fr\\\/quel-oreiller-choisir-pour-bien-dormir\\\/\"]}]},{\"@type\":\"ImageObject\",\"inLanguage\":\"fr-FR\",\"@id\":\"https:\\\/\\\/linandelle.com\\\/fr\\\/quel-oreiller-choisir-pour-bien-dormir\\\/#primaryimage\",\"url\":\"https:\\\/\\\/linandelle.com\\\/wp-content\\\/uploads\\\/2026\\\/03\\\/MINIATURE-ARTICLE-BLOG-LINANDELLE-1.png\",\"contentUrl\":\"https:\\\/\\\/linandelle.com\\\/wp-content\\\/uploads\\\/2026\\\/03\\\/MINIATURE-ARTICLE-BLOG-LINANDELLE-1.png\",\"width\":1250,\"height\":781,\"caption\":\"Quel oreiller choisir pour bien dormir : douleurs cervicales, transpiration, allergies\"},{\"@type\":\"WebSite\",\"@id\":\"https:\\\/\\\/linandelle.com\\\/fr\\\/#website\",\"url\":\"https:\\\/\\\/linandelle.com\\\/fr\\\/\",\"name\":\"Linandelle\",\"description\":\"Linandelle, plus que du linge, l&#039;essentiel\",\"publisher\":{\"@id\":\"https:\\\/\\\/linandelle.com\\\/fr\\\/#organization\"},\"potentialAction\":[{\"@type\":\"SearchAction\",\"target\":{\"@type\":\"EntryPoint\",\"urlTemplate\":\"https:\\\/\\\/linandelle.com\\\/fr\\\/?s={search_term_string}\"},\"query-input\":{\"@type\":\"PropertyValueSpecification\",\"valueRequired\":true,\"valueName\":\"search_term_string\"}}],\"inLanguage\":\"fr-FR\"},{\"@type\":\"Organization\",\"@id\":\"https:\\\/\\\/linandelle.com\\\/fr\\\/#organization\",\"name\":\"Linandelle\",\"url\":\"https:\\\/\\\/linandelle.com\\\/fr\\\/\",\"logo\":{\"@type\":\"ImageObject\",\"inLanguage\":\"fr-FR\",\"@id\":\"https:\\\/\\\/linandelle.com\\\/fr\\\/#\\\/schema\\\/logo\\\/image\\\/\",\"url\":\"https:\\\/\\\/linandelle.com\\\/wp-content\\\/uploads\\\/2022\\\/03\\\/logo-linandelle.jpg\",\"contentUrl\":\"https:\\\/\\\/linandelle.com\\\/wp-content\\\/uploads\\\/2022\\\/03\\\/logo-linandelle.jpg\",\"width\":739,\"height\":738,\"caption\":\"Linandelle\"},\"image\":{\"@id\":\"https:\\\/\\\/linandelle.com\\\/fr\\\/#\\\/schema\\\/logo\\\/image\\\/\"},\"sameAs\":[\"https:\\\/\\\/www.facebook.com\\\/Linandelle\",\"https:\\\/\\\/www.instagram.com\\\/linandelle\\\/\",\"https:\\\/\\\/www.linkedin.com\\\/company\\\/18483801\\\/admin\\\/dashboard\\\/\",\"https:\\\/\\\/www.pinterest.fr\\\/linandelle\\\/_created\\\/\",\"https:\\\/\\\/www.youtube.com\\\/@linandellecharleval1016\"],\"email\":\"contact@linandelle.com\",\"telephone\":\"0232687800\",\"legalName\":\"SARL DU PONT DES JARDINS\",\"vatID\":\"FR27448856641\",\"taxID\":\"44885664100015\",\"numberOfEmployees\":{\"@type\":\"QuantitativeValue\",\"minValue\":\"1\",\"maxValue\":\"10\"}},{\"@type\":\"Person\",\"@id\":\"https:\\\/\\\/linandelle.com\\\/fr\\\/#\\\/schema\\\/person\\\/a51fab88a2fb18d4afa38dacd8211621\",\"name\":\"Cassandra\"}]}<\/script>\n<!-- \/ Yoast SEO Premium plugin. -->","yoast_head_json":{"title":"Quel oreiller choisir pour bien dormir | Linandelle - linge de lit","description":"Le guide Linandelle pour choisir l\u2019oreiller parfait selon vos douleurs cervicales, transpiration nocturne ou allergies.","robots":{"index":"index","follow":"follow","max-snippet":"max-snippet:-1","max-image-preview":"max-image-preview:large","max-video-preview":"max-video-preview:-1"},"canonical":"https:\/\/linandelle.com\/fr\/quel-oreiller-choisir-pour-bien-dormir\/","og_locale":"fr_FR","og_type":"article","og_title":"Quel oreiller choisir pour bien dormir | Linandelle - linge de lit","og_description":"Le guide Linandelle pour choisir l\u2019oreiller parfait selon vos douleurs cervicales, transpiration nocturne ou allergies.","og_url":"https:\/\/linandelle.com\/fr\/quel-oreiller-choisir-pour-bien-dormir\/","og_site_name":"Linandelle","article_publisher":"https:\/\/www.facebook.com\/Linandelle","article_published_time":"2026-03-10T23:00:57+00:00","article_modified_time":"2026-03-17T21:26:00+00:00","og_image":[{"width":1250,"height":781,"url":"https:\/\/linandelle.com\/wp-content\/uploads\/2026\/03\/MINIATURE-ARTICLE-BLOG-LINANDELLE-1.png","type":"image\/png"}],"author":"Cassandra","twitter_card":"summary_large_image","twitter_misc":{"\u00c9crit par":"Cassandra","Dur\u00e9e de lecture estim\u00e9e":"10 minutes"},"schema":{"@context":"https:\/\/schema.org","@graph":[{"@type":"Article","@id":"https:\/\/linandelle.com\/fr\/quel-oreiller-choisir-pour-bien-dormir\/#article","isPartOf":{"@id":"https:\/\/linandelle.com\/fr\/quel-oreiller-choisir-pour-bien-dormir\/"},"author":{"name":"Cassandra","@id":"https:\/\/linandelle.com\/fr\/#\/schema\/person\/a51fab88a2fb18d4afa38dacd8211621"},"headline":"Quel oreiller choisir pour bien dormir : douleurs cervicales, transpiration, allergies","datePublished":"2026-03-10T23:00:57+00:00","dateModified":"2026-03-17T21:26:00+00:00","mainEntityOfPage":{"@id":"https:\/\/linandelle.com\/fr\/quel-oreiller-choisir-pour-bien-dormir\/"},"wordCount":4333,"publisher":{"@id":"https:\/\/linandelle.com\/fr\/#organization"},"image":{"@id":"https:\/\/linandelle.com\/fr\/quel-oreiller-choisir-pour-bien-dormir\/#primaryimage"},"thumbnailUrl":"https:\/\/linandelle.com\/wp-content\/uploads\/2026\/03\/MINIATURE-ARTICLE-BLOG-LINANDELLE-1.png","articleSection":["Blog linge de maison Linandelle","Conseils, informations &amp; entretien"],"inLanguage":"fr-FR"},{"@type":"WebPage","@id":"https:\/\/linandelle.com\/fr\/quel-oreiller-choisir-pour-bien-dormir\/","url":"https:\/\/linandelle.com\/fr\/quel-oreiller-choisir-pour-bien-dormir\/","name":"Quel oreiller choisir pour bien dormir | Linandelle - linge de lit","isPartOf":{"@id":"https:\/\/linandelle.com\/fr\/#website"},"primaryImageOfPage":{"@id":"https:\/\/linandelle.com\/fr\/quel-oreiller-choisir-pour-bien-dormir\/#primaryimage"},"image":{"@id":"https:\/\/linandelle.com\/fr\/quel-oreiller-choisir-pour-bien-dormir\/#primaryimage"},"thumbnailUrl":"https:\/\/linandelle.com\/wp-content\/uploads\/2026\/03\/MINIATURE-ARTICLE-BLOG-LINANDELLE-1.png","datePublished":"2026-03-10T23:00:57+00:00","dateModified":"2026-03-17T21:26:00+00:00","description":"Le guide Linandelle pour choisir l\u2019oreiller parfait selon vos douleurs cervicales, transpiration nocturne ou allergies.","inLanguage":"fr-FR","potentialAction":[{"@type":"ReadAction","target":["https:\/\/linandelle.com\/fr\/quel-oreiller-choisir-pour-bien-dormir\/"]}]},{"@type":"ImageObject","inLanguage":"fr-FR","@id":"https:\/\/linandelle.com\/fr\/quel-oreiller-choisir-pour-bien-dormir\/#primaryimage","url":"https:\/\/linandelle.com\/wp-content\/uploads\/2026\/03\/MINIATURE-ARTICLE-BLOG-LINANDELLE-1.png","contentUrl":"https:\/\/linandelle.com\/wp-content\/uploads\/2026\/03\/MINIATURE-ARTICLE-BLOG-LINANDELLE-1.png","width":1250,"height":781,"caption":"Quel oreiller choisir pour bien dormir : douleurs cervicales, transpiration, allergies"},{"@type":"WebSite","@id":"https:\/\/linandelle.com\/fr\/#website","url":"https:\/\/linandelle.com\/fr\/","name":"Linandelle","description":"Linandelle, plus que du linge, l&#039;essentiel","publisher":{"@id":"https:\/\/linandelle.com\/fr\/#organization"},"potentialAction":[{"@type":"SearchAction","target":{"@type":"EntryPoint","urlTemplate":"https:\/\/linandelle.com\/fr\/?s={search_term_string}"},"query-input":{"@type":"PropertyValueSpecification","valueRequired":true,"valueName":"search_term_string"}}],"inLanguage":"fr-FR"},{"@type":"Organization","@id":"https:\/\/linandelle.com\/fr\/#organization","name":"Linandelle","url":"https:\/\/linandelle.com\/fr\/","logo":{"@type":"ImageObject","inLanguage":"fr-FR","@id":"https:\/\/linandelle.com\/fr\/#\/schema\/logo\/image\/","url":"https:\/\/linandelle.com\/wp-content\/uploads\/2022\/03\/logo-linandelle.jpg","contentUrl":"https:\/\/linandelle.com\/wp-content\/uploads\/2022\/03\/logo-linandelle.jpg","width":739,"height":738,"caption":"Linandelle"},"image":{"@id":"https:\/\/linandelle.com\/fr\/#\/schema\/logo\/image\/"},"sameAs":["https:\/\/www.facebook.com\/Linandelle","https:\/\/www.instagram.com\/linandelle\/","https:\/\/www.linkedin.com\/company\/18483801\/admin\/dashboard\/","https:\/\/www.pinterest.fr\/linandelle\/_created\/","https:\/\/www.youtube.com\/@linandellecharleval1016"],"email":"contact@linandelle.com","telephone":"0232687800","legalName":"SARL DU PONT DES JARDINS","vatID":"FR27448856641","taxID":"44885664100015","numberOfEmployees":{"@type":"QuantitativeValue","minValue":"1","maxValue":"10"}},{"@type":"Person","@id":"https:\/\/linandelle.com\/fr\/#\/schema\/person\/a51fab88a2fb18d4afa38dacd8211621","name":"Cassandra"}]}},"_links":{"self":[{"href":"https:\/\/linandelle.com\/fr\/wp-json\/wp\/v2\/posts\/88465","targetHints":{"allow":["GET"]}}],"collection":[{"href":"https:\/\/linandelle.com\/fr\/wp-json\/wp\/v2\/posts"}],"about":[{"href":"https:\/\/linandelle.com\/fr\/wp-json\/wp\/v2\/types\/post"}],"author":[{"embeddable":true,"href":"https:\/\/linandelle.com\/fr\/wp-json\/wp\/v2\/users\/16425"}],"replies":[{"embeddable":true,"href":"https:\/\/linandelle.com\/fr\/wp-json\/wp\/v2\/comments?post=88465"}],"version-history":[{"count":11,"href":"https:\/\/linandelle.com\/fr\/wp-json\/wp\/v2\/posts\/88465\/revisions"}],"predecessor-version":[{"id":88694,"href":"https:\/\/linandelle.com\/fr\/wp-json\/wp\/v2\/posts\/88465\/revisions\/88694"}],"wp:featuredmedia":[{"embeddable":true,"href":"https:\/\/linandelle.com\/fr\/wp-json\/wp\/v2\/media\/88482"}],"wp:attachment":[{"href":"https:\/\/linandelle.com\/fr\/wp-json\/wp\/v2\/media?parent=88465"}],"wp:term":[{"taxonomy":"category","embeddable":true,"href":"https:\/\/linandelle.com\/fr\/wp-json\/wp\/v2\/categories?post=88465"},{"taxonomy":"post_tag","embeddable":true,"href":"https:\/\/linandelle.com\/fr\/wp-json\/wp\/v2\/tags?post=88465"}],"curies":[{"name":"wp","href":"https:\/\/api.w.org\/{rel}","templated":true}]}}