{"id":262,"count":9,"description":"<h2>Les taies d\u2019oreiller sont autant un accessoire\u00a0utile\u00a0qu\u2019un\u00a0accessoire de d\u00e9coration\u00a0dans votre chambre.<\/h2>\r\nLa premi\u00e8re utilit\u00e9 de la taie d\u2019oreiller est bien de\u00a0<strong>prot\u00e9ger votre oreiller<\/strong>\u00a0de la transpiration qui pourrait tacher votre oreiller. La qualit\u00e9 des mati\u00e8res est donc primordiale, car si vous choisissez une taie d\u2019oreiller en mati\u00e8re synth\u00e9tique, elle n\u2019absorbera pas votre transpiration et vous procurera une sensation d\u2019inconfort.\r\n\r\nAu sujet du confort, la taie d\u2019oreiller est en contact avec la peau de votre visage. Une mati\u00e8re naturelle est pr\u00e9f\u00e9rable pour avoir une\u00a0<strong>sensation de douceur<\/strong>\u00a0toute la nuit au lieu d\u2019\u00eatre irrit\u00e9. Linandelle ne propose que des taies d\u2019oreillers en 100% coton ou 100% lin pour ces raisons\u00a0: la facilit\u00e9 d\u2019absorption d\u2019eau et le toucher tr\u00e8s doux sur votre visage.\r\n\r\nLa seconde fonction de la taie d\u2019oreiller est de\u00a0<strong>d\u00e9corer votre lit<\/strong>.\u00a0En effet, les oreillers peuvent rester apparents sur la t\u00eate de votre lit, et en variant les couleurs des taies cela casse l\u2019uniformit\u00e9 d\u2019une parure de lit coordonn\u00e9e. Vous pouvez aussi choisir un nombre de taies d\u2019oreillers sup\u00e9rieur \u00e0 vos besoins, uniquement pour d\u00e9corer la t\u00eate de lit. Vous pouvez aussi choisir une parure de lit en coton et y ajouter des taies d\u2019oreillers en lin, dans des couleurs chaleureuses. Varier les mati\u00e8res et les couleurs dans une m\u00eame pi\u00e8ce, c\u2019est aussi bien valable pour les objets de d\u00e9co que pour le linge de maison tendance.","link":"https:\/\/linandelle.com\/fr\/categorie\/linge-de-lit\/taies-et-sous-taies\/","name":"Taies-d'oreillers","slug":"taies-et-sous-taies","taxonomy":"product_cat","parent":24,"meta":[],"menu_order":40,"yoast_head":"<!-- This site is optimized with the Yoast SEO Premium plugin v27.4 (Yoast SEO v27.4) - https:\/\/yoast.com\/product\/yoast-seo-premium-wordpress\/ -->\n<title>Linandelle | Taies et sous-taies d&#039;oreiller \u00e0 assortir aux parures<\/title>\n<meta name=\"description\" content=\"Pour \u00e9quiper votre lit, optez pour les taies et sous-taies d&#039;oreiller de Linandelle en percale coton, polyester, flanelle, lin, tergal. Plusieurs dimensions\" \/>\n<meta name=\"robots\" content=\"index, follow, max-snippet:-1, max-image-preview:large, max-video-preview:-1\" \/>\n<link rel=\"canonical\" href=\"https:\/\/linandelle.com\/fr\/categorie\/linge-de-lit\/taies-et-sous-taies\/\" \/>\n<meta property=\"og:locale\" content=\"fr_FR\" \/>\n<meta property=\"og:type\" content=\"article\" \/>\n<meta property=\"og:title\" content=\"Linandelle | Taies et sous-taies d&#039;oreiller \u00e0 assortir aux parures\" \/>\n<meta property=\"og:description\" content=\"Pour \u00e9quiper votre lit, optez pour les taies et sous-taies d&#039;oreiller de Linandelle en percale coton, polyester, flanelle, lin, tergal. Plusieurs dimensions\" \/>\n<meta property=\"og:url\" content=\"https:\/\/linandelle.com\/fr\/categorie\/linge-de-lit\/taies-et-sous-taies\/\" \/>\n<meta property=\"og:site_name\" content=\"Linandelle\" \/>\n<meta property=\"og:image\" content=\"https:\/\/linandelle.com\/wp-content\/uploads\/2024\/04\/zoom-drap-tencel-bleu-petrol-nordique.jpg\" \/>\n\t<meta property=\"og:image:width\" content=\"1215\" \/>\n\t<meta property=\"og:image:height\" content=\"1215\" \/>\n\t<meta property=\"og:image:type\" content=\"image\/jpeg\" \/>\n<meta name=\"twitter:card\" content=\"summary_large_image\" \/>\n<script type=\"application\/ld+json\" class=\"yoast-schema-graph\">{\"@context\":\"https:\\\/\\\/schema.org\",\"@graph\":[{\"@type\":\"CollectionPage\",\"@id\":\"https:\\\/\\\/linandelle.com\\\/fr\\\/categorie\\\/linge-de-lit\\\/taies-et-sous-taies\\\/\",\"url\":\"https:\\\/\\\/linandelle.com\\\/fr\\\/categorie\\\/linge-de-lit\\\/taies-et-sous-taies\\\/\",\"name\":\"Linandelle | Taies et sous-taies d'oreiller \u00e0 assortir aux parures\",\"isPartOf\":{\"@id\":\"https:\\\/\\\/linandelle.com\\\/fr\\\/#website\"},\"description\":\"Pour \u00e9quiper votre lit, optez pour les taies et sous-taies d'oreiller de Linandelle en percale coton, polyester, flanelle, lin, tergal. Plusieurs dimensions\",\"breadcrumb\":{\"@id\":\"https:\\\/\\\/linandelle.com\\\/fr\\\/categorie\\\/linge-de-lit\\\/taies-et-sous-taies\\\/#breadcrumb\"},\"inLanguage\":\"fr-FR\"},{\"@type\":\"BreadcrumbList\",\"@id\":\"https:\\\/\\\/linandelle.com\\\/fr\\\/categorie\\\/linge-de-lit\\\/taies-et-sous-taies\\\/#breadcrumb\",\"itemListElement\":[{\"@type\":\"ListItem\",\"position\":1,\"name\":\"Linge de lit\",\"item\":\"https:\\\/\\\/linandelle.com\\\/fr\\\/categorie\\\/linge-de-lit\\\/\"},{\"@type\":\"ListItem\",\"position\":2,\"name\":\"Taies-d'oreillers\"}]},{\"@type\":\"WebSite\",\"@id\":\"https:\\\/\\\/linandelle.com\\\/fr\\\/#website\",\"url\":\"https:\\\/\\\/linandelle.com\\\/fr\\\/\",\"name\":\"Linandelle\",\"description\":\"Linandelle, plus que du linge, l&#039;essentiel\",\"publisher\":{\"@id\":\"https:\\\/\\\/linandelle.com\\\/fr\\\/#organization\"},\"potentialAction\":[{\"@type\":\"SearchAction\",\"target\":{\"@type\":\"EntryPoint\",\"urlTemplate\":\"https:\\\/\\\/linandelle.com\\\/fr\\\/?s={search_term_string}\"},\"query-input\":{\"@type\":\"PropertyValueSpecification\",\"valueRequired\":true,\"valueName\":\"search_term_string\"}}],\"inLanguage\":\"fr-FR\"},{\"@type\":\"Organization\",\"@id\":\"https:\\\/\\\/linandelle.com\\\/fr\\\/#organization\",\"name\":\"Linandelle\",\"url\":\"https:\\\/\\\/linandelle.com\\\/fr\\\/\",\"logo\":{\"@type\":\"ImageObject\",\"inLanguage\":\"fr-FR\",\"@id\":\"https:\\\/\\\/linandelle.com\\\/fr\\\/#\\\/schema\\\/logo\\\/image\\\/\",\"url\":\"https:\\\/\\\/linandelle.com\\\/wp-content\\\/uploads\\\/2022\\\/03\\\/logo-linandelle.jpg\",\"contentUrl\":\"https:\\\/\\\/linandelle.com\\\/wp-content\\\/uploads\\\/2022\\\/03\\\/logo-linandelle.jpg\",\"width\":739,\"height\":738,\"caption\":\"Linandelle\"},\"image\":{\"@id\":\"https:\\\/\\\/linandelle.com\\\/fr\\\/#\\\/schema\\\/logo\\\/image\\\/\"},\"sameAs\":[\"https:\\\/\\\/www.facebook.com\\\/Linandelle\",\"https:\\\/\\\/www.instagram.com\\\/linandelle\\\/\",\"https:\\\/\\\/www.linkedin.com\\\/company\\\/18483801\\\/admin\\\/dashboard\\\/\",\"https:\\\/\\\/www.pinterest.fr\\\/linandelle\\\/_created\\\/\",\"https:\\\/\\\/www.youtube.com\\\/@linandellecharleval1016\"],\"email\":\"contact@linandelle.com\",\"telephone\":\"0232687800\",\"legalName\":\"SARL DU PONT DES JARDINS\",\"vatID\":\"FR27448856641\",\"taxID\":\"44885664100015\",\"numberOfEmployees\":{\"@type\":\"QuantitativeValue\",\"minValue\":\"1\",\"maxValue\":\"10\"}}]}<\/script>\n<!-- \/ Yoast SEO Premium plugin. -->","yoast_head_json":{"title":"Linandelle | Taies et sous-taies d'oreiller \u00e0 assortir aux parures","description":"Pour \u00e9quiper votre lit, optez pour les taies et sous-taies d'oreiller de Linandelle en percale coton, polyester, flanelle, lin, tergal. Plusieurs dimensions","robots":{"index":"index","follow":"follow","max-snippet":"max-snippet:-1","max-image-preview":"max-image-preview:large","max-video-preview":"max-video-preview:-1"},"canonical":"https:\/\/linandelle.com\/fr\/categorie\/linge-de-lit\/taies-et-sous-taies\/","og_locale":"fr_FR","og_type":"article","og_title":"Linandelle | Taies et sous-taies d'oreiller \u00e0 assortir aux parures","og_description":"Pour \u00e9quiper votre lit, optez pour les taies et sous-taies d'oreiller de Linandelle en percale coton, polyester, flanelle, lin, tergal. Plusieurs dimensions","og_url":"https:\/\/linandelle.com\/fr\/categorie\/linge-de-lit\/taies-et-sous-taies\/","og_site_name":"Linandelle","og_image":[{"width":1215,"height":1215,"url":"https:\/\/linandelle.com\/wp-content\/uploads\/2024\/04\/zoom-drap-tencel-bleu-petrol-nordique.jpg","type":"image\/jpeg"}],"twitter_card":"summary_large_image","schema":{"@context":"https:\/\/schema.org","@graph":[{"@type":"CollectionPage","@id":"https:\/\/linandelle.com\/fr\/categorie\/linge-de-lit\/taies-et-sous-taies\/","url":"https:\/\/linandelle.com\/fr\/categorie\/linge-de-lit\/taies-et-sous-taies\/","name":"Linandelle | Taies et sous-taies d'oreiller \u00e0 assortir aux parures","isPartOf":{"@id":"https:\/\/linandelle.com\/fr\/#website"},"description":"Pour \u00e9quiper votre lit, optez pour les taies et sous-taies d'oreiller de Linandelle en percale coton, polyester, flanelle, lin, tergal. Plusieurs dimensions","breadcrumb":{"@id":"https:\/\/linandelle.com\/fr\/categorie\/linge-de-lit\/taies-et-sous-taies\/#breadcrumb"},"inLanguage":"fr-FR"},{"@type":"BreadcrumbList","@id":"https:\/\/linandelle.com\/fr\/categorie\/linge-de-lit\/taies-et-sous-taies\/#breadcrumb","itemListElement":[{"@type":"ListItem","position":1,"name":"Linge de lit","item":"https:\/\/linandelle.com\/fr\/categorie\/linge-de-lit\/"},{"@type":"ListItem","position":2,"name":"Taies-d'oreillers"}]},{"@type":"WebSite","@id":"https:\/\/linandelle.com\/fr\/#website","url":"https:\/\/linandelle.com\/fr\/","name":"Linandelle","description":"Linandelle, plus que du linge, l&#039;essentiel","publisher":{"@id":"https:\/\/linandelle.com\/fr\/#organization"},"potentialAction":[{"@type":"SearchAction","target":{"@type":"EntryPoint","urlTemplate":"https:\/\/linandelle.com\/fr\/?s={search_term_string}"},"query-input":{"@type":"PropertyValueSpecification","valueRequired":true,"valueName":"search_term_string"}}],"inLanguage":"fr-FR"},{"@type":"Organization","@id":"https:\/\/linandelle.com\/fr\/#organization","name":"Linandelle","url":"https:\/\/linandelle.com\/fr\/","logo":{"@type":"ImageObject","inLanguage":"fr-FR","@id":"https:\/\/linandelle.com\/fr\/#\/schema\/logo\/image\/","url":"https:\/\/linandelle.com\/wp-content\/uploads\/2022\/03\/logo-linandelle.jpg","contentUrl":"https:\/\/linandelle.com\/wp-content\/uploads\/2022\/03\/logo-linandelle.jpg","width":739,"height":738,"caption":"Linandelle"},"image":{"@id":"https:\/\/linandelle.com\/fr\/#\/schema\/logo\/image\/"},"sameAs":["https:\/\/www.facebook.com\/Linandelle","https:\/\/www.instagram.com\/linandelle\/","https:\/\/www.linkedin.com\/company\/18483801\/admin\/dashboard\/","https:\/\/www.pinterest.fr\/linandelle\/_created\/","https:\/\/www.youtube.com\/@linandellecharleval1016"],"email":"contact@linandelle.com","telephone":"0232687800","legalName":"SARL DU PONT DES JARDINS","vatID":"FR27448856641","taxID":"44885664100015","numberOfEmployees":{"@type":"QuantitativeValue","minValue":"1","maxValue":"10"}}]}},"cat_url":"https:\/\/linandelle.com\/fr\/categorie\/linge-de-lit\/taies-et-sous-taies\/","_links":{"self":[{"href":"https:\/\/linandelle.com\/fr\/wp-json\/wp\/v2\/product_cat\/262","targetHints":{"allow":["GET"]}}],"collection":[{"href":"https:\/\/linandelle.com\/fr\/wp-json\/wp\/v2\/product_cat"}],"about":[{"href":"https:\/\/linandelle.com\/fr\/wp-json\/wp\/v2\/taxonomies\/product_cat"}],"up":[{"embeddable":true,"href":"https:\/\/linandelle.com\/fr\/wp-json\/wp\/v2\/product_cat\/24"}],"wp:post_type":[{"href":"https:\/\/linandelle.com\/fr\/wp-json\/wp\/v2\/product?product_cat=262"}],"curies":[{"name":"wp","href":"https:\/\/api.w.org\/{rel}","templated":true}]}}